{"id":15245,"date":"2020-07-19T21:28:43","date_gmt":"2020-07-20T02:28:43","guid":{"rendered":"http:\/\/www.zonaroja.com.mx\/?p=15245"},"modified":"2020-07-19T21:28:46","modified_gmt":"2020-07-20T02:28:46","slug":"derriban-laurel-que-data-de-1890-en-la-capital-de-oaxaca","status":"publish","type":"post","link":"https:\/\/zonaroja.com.mx\/?p=15245","title":{"rendered":"Derriban laurel que data de 1890 en la capital de Oaxaca"},"content":{"rendered":"\n<p>Redacci\u00f3n\/Zona\nRoja.<\/p>\n\n\n\n<p>Oaxaca de\nJu\u00e1rez, Oaxaca, a 19 de julio de 2020.- Un laurel de la India que data de 1890\nfue derribado en la ciudad de Oaxaca, debido a que es considerado un riesgo\npara transe\u00fantes e inmuebles aleda\u00f1os.<\/p>\n\n\n\n<p>El hist\u00f3rico\nejemplar se localizaba en la primera calle de la calzada Madero, al oriente de\nla capital, y fue da\u00f1ado por la tormenta del pasado 6 de julio, que adem\u00e1s\nderrib\u00f3 al menos medio centenar de \u00e1rboles.<\/p>\n\n\n\n<p>La ma\u00f1ana de\nhoy, personal del Heroico Cuerpo de Bomberos, adscrito a la Secretar\u00eda de Seguridad\nP\u00fablica de Oaxaca, inici\u00f3 el desrame y posterior derribo, con el apoyo de\nequipos y un cami\u00f3n tipo gr\u00faa.<\/p>\n\n\n\n<p>De acuerdo con el ayuntamiento de Oaxaca de Ju\u00e1rez, lo anterior se realiz\u00f3 con base en valoraciones y dict\u00e1menes de las \u00e1reas de Protecci\u00f3n Civil y Medio Ambiente, debido a que representaba un riesgo.<\/p>\n\n\n\n<figure class=\"wp-block-embed-twitter wp-block-embed is-type-rich is-provider-twitter\"><div class=\"wp-block-embed__wrapper\">\n<div class=\"twitter-tweet\"><blockquote class=\"twitter-tweet\" data-lang=\"es\"><p lang=\"es\" dir=\"ltr\"><a href=\"https:\/\/twitter.com\/hashtag\/%C3%9AltimoMinuto?src=hash&amp;ref_src=twsrc%5Etfw\">#\u00daltimoMinuto<\/a> <br>Luego de la autorizaci\u00f3n del <a href=\"https:\/\/twitter.com\/MunicipioOaxaca?ref_src=twsrc%5Etfw\">@MunicipioOaxaca<\/a>, este domingo personal del <a href=\"https:\/\/twitter.com\/Bomberos_GobOax?ref_src=twsrc%5Etfw\">@Bomberos_GobOax<\/a> derriba \u00e1rbol hist\u00f3rico en calzada Madero de la ciudad de Oaxaca, da\u00f1ado por las lluvias de la semana pasada. <a href=\"https:\/\/t.co\/FdhX97QRgb\">pic.twitter.com\/FdhX97QRgb<\/a><\/p>&mdash; Zona Roja Oaxaca (@MexRoja) <a href=\"https:\/\/twitter.com\/MexRoja\/status\/1284917991738691584?ref_src=twsrc%5Etfw\">19 de julio de 2020<\/a><\/blockquote><\/div>\n<\/div><\/figure>\n\n\n\n<p>Indic\u00f3 que luego\nde una minuciosa inspecci\u00f3n, la Subdirecci\u00f3n de Medio Ambiente dictamin\u00f3\nprocedente realizar el derribo total de este ejemplar senil dado que presentaba\nuna peligrosa inclinaci\u00f3n. De acuerdo a registros, el Laurel de la India fue\nsembrado en 1890 y alcanz\u00f3 los 18 metros de altura.<\/p>\n\n\n\n<p>Miguel \u00c1ngel\nAguilar, jefe del Departamento del Vivero Municipal, explic\u00f3 que contando desde\nla base, este ejemplar cuenta con un soporte de dos metros de profundidad; esto\nrepresenta que las ra\u00edces se encuentren \u201cestiradas\u201d y, de no haber sido por una\nvivienda, el laurel ya habr\u00eda ca\u00eddo.<\/p>\n\n\n\n<p>Expuso que\nprev\u00e9n el remplazo con la siembra de una especie de r\u00e1pido crecimiento y que no\nimplique da\u00f1os en las ra\u00edces.<\/p>\n","protected":false},"excerpt":{"rendered":"<p>Redacci\u00f3n\/Zona Roja. Oaxaca de Ju\u00e1rez, Oaxaca, a 19 de julio de 2020.- Un laurel de&hellip;<\/p>\n","protected":false},"author":2,"featured_media":15246,"comment_status":"closed","ping_status":"open","sticky":false,"template":"","format":"standard","meta":{"_lmt_disableupdate":"","_lmt_disable":"","_jetpack_memberships_contains_paid_content":false,"footnotes":""},"categories":[109,47],"tags":[148],"class_list":["post-15245","post","type-post","status-publish","format-standard","has-post-thumbnail","hentry","category-minuto-a-minuto","category-zona-gris","tag-oaxaca-de-juarez"],"jetpack_featured_media_url":"https:\/\/zonaroja.com.mx\/wp-content\/uploads\/2020\/07\/4-arbol-intervencion.jpg","jetpack_sharing_enabled":true,"_links":{"self":[{"href":"https:\/\/zonaroja.com.mx\/index.php?rest_route=\/wp\/v2\/posts\/15245","targetHints":{"allow":["GET"]}}],"collection":[{"href":"https:\/\/zonaroja.com.mx\/index.php?rest_route=\/wp\/v2\/posts"}],"about":[{"href":"https:\/\/zonaroja.com.mx\/index.php?rest_route=\/wp\/v2\/types\/post"}],"author":[{"embeddable":true,"href":"https:\/\/zonaroja.com.mx\/index.php?rest_route=\/wp\/v2\/users\/2"}],"replies":[{"embeddable":true,"href":"https:\/\/zonaroja.com.mx\/index.php?rest_route=%2Fwp%2Fv2%2Fcomments&post=15245"}],"version-history":[{"count":1,"href":"https:\/\/zonaroja.com.mx\/index.php?rest_route=\/wp\/v2\/posts\/15245\/revisions"}],"predecessor-version":[{"id":15247,"href":"https:\/\/zonaroja.com.mx\/index.php?rest_route=\/wp\/v2\/posts\/15245\/revisions\/15247"}],"wp:featuredmedia":[{"embeddable":true,"href":"https:\/\/zonaroja.com.mx\/index.php?rest_route=\/wp\/v2\/media\/15246"}],"wp:attachment":[{"href":"https:\/\/zonaroja.com.mx\/index.php?rest_route=%2Fwp%2Fv2%2Fmedia&parent=15245"}],"wp:term":[{"taxonomy":"category","embeddable":true,"href":"https:\/\/zonaroja.com.mx\/index.php?rest_route=%2Fwp%2Fv2%2Fcategories&post=15245"},{"taxonomy":"post_tag","embeddable":true,"href":"https:\/\/zonaroja.com.mx\/index.php?rest_route=%2Fwp%2Fv2%2Ftags&post=15245"}],"curies":[{"name":"wp","href":"https:\/\/api.w.org\/{rel}","templated":true}]}}