{"id":15248,"date":"2020-07-19T21:56:07","date_gmt":"2020-07-20T02:56:07","guid":{"rendered":"http:\/\/www.zonaroja.com.mx\/?p=15248"},"modified":"2020-07-19T21:56:09","modified_gmt":"2020-07-20T02:56:09","slug":"a-unas-horas-de-volver-al-semaforo-rojo-siete-decesos-y-190-casos-de-covid-19","status":"publish","type":"post","link":"https:\/\/zonaroja.com.mx\/?p=15248","title":{"rendered":"A unas horas de volver al sem\u00e1foro rojo, siete decesos y 190 casos de Covid-19"},"content":{"rendered":"\n<p>Redacci\u00f3n\/Zona\nRoja.<\/p>\n\n\n\n<p>Oaxaca de\nJu\u00e1rez, Oax., 19 de julio de 2020.- A unas horas de que Oaxaca retorne al\nsem\u00e1foro epidemiol\u00f3gico en color rojo &#8211;seg\u00fan disposici\u00f3n federal debido al\nalto n\u00famero de contagios&#8211;, Oaxaca registr\u00f3 siete fallecimientos y 190 casos\npositivos a Covid-19.<\/p>\n\n\n\n<p>De acuerdo\ncon un comunicado de los Servicios de Salud de Oaxaca, &nbsp;al corte epidemiol\u00f3gico de este 19 de julio, suman\nocho mil 704 casos acumulados en todo el estado.<\/p>\n\n\n\n<p>Agreg\u00f3 que\nse han notificado, 13 mil 656 casos de los cuales cuatro mil 037 han sido\nnegativos, 915 son sospechosos en espera de resultados por laboratorio, se han\nrecuperado siete mil 397 y lamentablemente se registran siete defunciones, que\nsuman un total de 824 decesos; hay 483 casos activos.<\/p>\n\n\n\n<p>Mencion\u00f3 que\nla Jurisdicci\u00f3n Sanitaria n\u00famero uno, Valles Centrales tiene contabilizado\ncinco mil 682 casos y 426 defunciones, Tuxtepec mil 256 y 179 fallecimientos,\nIstmo 778 y 111 defunciones, Mixteca 482 y 49 fallecimientos, Costa 348 y 32\nmuertes, y la Sierra 158 y 27 fallecimientos.<\/p>\n\n\n\n<p>De los 190\ncasos nuevos, se registran en 47 municipios. El mayor n\u00famero de casos se\npresentan en Oaxaca de Ju\u00e1rez con 52, Santa Cruz Xoxocotl\u00e1n 14, Huajuapan de\nLe\u00f3n 11, Santo Domingo Tehuantepec 10, Santa Luc\u00eda del Camino y San Antonio de\nla Cal nueve cada uno, San Juan Bautista Tuxtepec, Salina Cruz y Villa de\nZaachila seis cada uno, el resto cuatro, tres, dos y uno.<\/p>\n\n\n\n<p>De las 817\ndefunciones registradas, el grupo de edad m\u00e1s afectado es el de 65 y m\u00e1s a\u00f1os\ncon 350, seguido de 50 a 59 a\u00f1os con 205 y el de 60 a 64 con 111, entre otros.\nLas comorbilidades asociadas siguen siendo la diabetes, hipertensi\u00f3n arterial,\nobesidad e insuficiencia renal. Por sexo 528 son hombres y 296 son mujeres.<\/p>\n\n\n\n<p>En relaci\u00f3n\na la ocupaci\u00f3n global hospitalaria al d\u00eda de hoy se tiene un 45.4%, siendo el\nHospital de la Ni\u00f1ez Oaxaque\u00f1a con el 100%, Pemex 100%, Semar 73.3%, el HRAEO\n61.3%, Sedena 53.9%, IMSS r\u00e9gimen ordinario 46.5%, ISSSTE 45.9% y los SSO\n38.7%.<\/p>\n\n\n\n<p>Ante el\nincremento de contagios y defunciones por COVID-19 registrados en las dos\n\u00faltimas semanas, en las regiones del Istmo y la Cuenca del Papaloapan, y por\ndisposici\u00f3n de los gobiernos federal y estatal, los Servicios de Salud de\nOaxaca (SSO), exhortan a la poblaci\u00f3n de estas regiones a un confinamiento de\n10 d\u00edas a partir de ma\u00f1ana lunes 20 al mi\u00e9rcoles 29 de julio.<\/p>\n\n\n\n<p>El titular\nde los SSO, Donato Casas Escamilla, se\u00f1al\u00f3 que por instrucci\u00f3n del gobernador,\nAlejandro Murat Hinojosa, y con la participaci\u00f3n de las autoridades municipales\ny de la federaci\u00f3n, se emprender\u00e1n acciones de contenci\u00f3n y mitigaci\u00f3n de la\nenfermedad para revertir la ola de contagios.<\/p>\n\n\n\n<p>Expuso que\nes obligatorio en todo el estado el uso de cubrebocas, la sana distancia,\nlavado de manos con agua y jab\u00f3n, \u201cy si no tienen a que salir, qu\u00e9dense en sus\ncasas, ya que es responsabilidad de todas y todos evitar la propagaci\u00f3n del\ncoronavirus, no debemos bajar la guardia si queremos salvar nuestra vida y la\nde nuestras familias, debemos estar unidos como una gran familia\u201d.<\/p>\n","protected":false},"excerpt":{"rendered":"<p>Redacci\u00f3n\/Zona Roja. Oaxaca de Ju\u00e1rez, Oax., 19 de julio de 2020.- A unas horas de&hellip;<\/p>\n","protected":false},"author":2,"featured_media":15249,"comment_status":"closed","ping_status":"open","sticky":false,"template":"","format":"standard","meta":{"_lmt_disableupdate":"","_lmt_disable":"","_jetpack_memberships_contains_paid_content":false,"footnotes":""},"categories":[109,47],"tags":[1512],"class_list":["post-15248","post","type-post","status-publish","format-standard","has-post-thumbnail","hentry","category-minuto-a-minuto","category-zona-gris","tag-coronavirus-oaxaca"],"jetpack_featured_media_url":"https:\/\/zonaroja.com.mx\/wp-content\/uploads\/2020\/07\/GR\u00c1FICA-01-1.jpg","jetpack_sharing_enabled":true,"_links":{"self":[{"href":"https:\/\/zonaroja.com.mx\/index.php?rest_route=\/wp\/v2\/posts\/15248","targetHints":{"allow":["GET"]}}],"collection":[{"href":"https:\/\/zonaroja.com.mx\/index.php?rest_route=\/wp\/v2\/posts"}],"about":[{"href":"https:\/\/zonaroja.com.mx\/index.php?rest_route=\/wp\/v2\/types\/post"}],"author":[{"embeddable":true,"href":"https:\/\/zonaroja.com.mx\/index.php?rest_route=\/wp\/v2\/users\/2"}],"replies":[{"embeddable":true,"href":"https:\/\/zonaroja.com.mx\/index.php?rest_route=%2Fwp%2Fv2%2Fcomments&post=15248"}],"version-history":[{"count":1,"href":"https:\/\/zonaroja.com.mx\/index.php?rest_route=\/wp\/v2\/posts\/15248\/revisions"}],"predecessor-version":[{"id":15250,"href":"https:\/\/zonaroja.com.mx\/index.php?rest_route=\/wp\/v2\/posts\/15248\/revisions\/15250"}],"wp:featuredmedia":[{"embeddable":true,"href":"https:\/\/zonaroja.com.mx\/index.php?rest_route=\/wp\/v2\/media\/15249"}],"wp:attachment":[{"href":"https:\/\/zonaroja.com.mx\/index.php?rest_route=%2Fwp%2Fv2%2Fmedia&parent=15248"}],"wp:term":[{"taxonomy":"category","embeddable":true,"href":"https:\/\/zonaroja.com.mx\/index.php?rest_route=%2Fwp%2Fv2%2Fcategories&post=15248"},{"taxonomy":"post_tag","embeddable":true,"href":"https:\/\/zonaroja.com.mx\/index.php?rest_route=%2Fwp%2Fv2%2Ftags&post=15248"}],"curies":[{"name":"wp","href":"https:\/\/api.w.org\/{rel}","templated":true}]}}