{"id":15251,"date":"2020-07-20T07:29:29","date_gmt":"2020-07-20T12:29:29","guid":{"rendered":"http:\/\/www.zonaroja.com.mx\/?p=15251"},"modified":"2020-07-20T07:29:31","modified_gmt":"2020-07-20T12:29:31","slug":"rechazan-diputados-a-aspirante-a-consejero-al-ine-el-priista-gustavo-meixueiro","status":"publish","type":"post","link":"https:\/\/zonaroja.com.mx\/?p=15251","title":{"rendered":"Rechazan diputados a aspirante a consejero al INE, el priista Gustavo Meixueiro"},"content":{"rendered":"\n<p>Redacci\u00f3n\/Zona\nRoja.<\/p>\n\n\n\n<p>Oaxaca\nde Ju\u00e1rez, Oax., 20 de julio de 2020.- Por considerar que a lo largo de su\ntrayectoria ha estado supeditado al PRI, diputados de Morena y del PT\nrechazaron la candidatura de Gustavo Meixueiro N\u00e1jera a una de las cuatro\nvacantes en el Consejo General del Instituto Nacional Electoral (INE).<\/p>\n\n\n\n<p>Meixueiro\nes actualmente presidente del Consejo General del Instituto Estatal Electoral y\nde Participaci\u00f3n Ciudadana de Oaxaca (IEEPCO) y ha estado ligado desde hace\nvarios a\u00f1os al priista Jos\u00e9 Antonio Hern\u00e1ndez Fraguas, actual funcionario del\nGobierno del Estado.<\/p>\n\n\n\n<p>El\ndiputado morenista Pablo G\u00f3mez lo acus\u00f3 de ser conocido como un priista e\nincluso de ser el personaje que puede sustituir al ex consejero electoral Marco\nAntonio Ba\u00f1os, quien concluy\u00f3 su encargo en abril pasado.<\/p>\n\n\n\n<p>\u00abEs\nconocido como un priista y es lo que nos preocupa, que con toda tranquilidad\npersonas allegadas a gobiernos priistas del pasado sigan llegando al Instituto.\nSe lo decimos claramente, no queremos que usted sustituya a Ba\u00f1os, fue el jefe\ndurante muchos a\u00f1os\u00bb, afirm\u00f3 el legislador durante la entrevista virtual\nal aspirante.<\/p>\n\n\n\n<p>En respuesta, Meixueiro expuso que no tiene compromisos con ning\u00fan partido pol\u00edtico, por lo que el se\u00f1alamiento de G\u00f3mez no tiene sustento. Ello pese a que tambi\u00e9n colabor\u00f3 con Fraguas cuando \u00e9ste fue representante ante el INE.<\/p>\n\n\n\n<p>Los\ncoordinadores parlamentarios en la C\u00e1mara de Diputados entrevistaron este\ndomingo a los 20 aspirantes a cuatro cargos de consejero electoral, en una\nsesi\u00f3n virtual donde las preguntas se han centrado en la autonom\u00eda y costo de\noperaci\u00f3n del Instituto Nacional Electoral (INE), as\u00ed como las alternativas de\nla democracia ante la pandemia.<\/p>\n\n\n\n<p>Durante\nel encuentro, los grupos parlamentarios explicaron que se trata de un esfuerzo\nde transparencia para que los ciudadanos conozcan a los perfiles y que las\nentrevistas ya no son parte de la etapa formal del proceso de selecci\u00f3n y la\nelecci\u00f3n, prevista para el mi\u00e9rcoles en una sesi\u00f3n extraordinaria del pleno de\nla c\u00e1mara.<\/p>\n\n\n\n<p>El\nPartido del Trabajo anunci\u00f3 que presentar\u00e1 un recurso de inconformidad contra\nel resultado del comit\u00e9 t\u00e9cnico de evaluaci\u00f3n y cuestion\u00f3 que el jueves, antes\nde entregarla a la Junta de Coordinaci\u00f3n Pol\u00edtica, dicho comit\u00e9 filtr\u00f3 la lista\nde 20 aspirantes a los medios de comunicaci\u00f3n.<\/p>\n","protected":false},"excerpt":{"rendered":"<p>Redacci\u00f3n\/Zona Roja. Oaxaca de Ju\u00e1rez, Oax., 20 de julio de 2020.- Por considerar que a&hellip;<\/p>\n","protected":false},"author":2,"featured_media":15252,"comment_status":"closed","ping_status":"open","sticky":false,"template":"","format":"standard","meta":{"_lmt_disableupdate":"","_lmt_disable":"","_jetpack_memberships_contains_paid_content":false,"footnotes":""},"categories":[109,47],"tags":[1847],"class_list":["post-15251","post","type-post","status-publish","format-standard","has-post-thumbnail","hentry","category-minuto-a-minuto","category-zona-gris","tag-gustavo-meixueiro-najera"],"jetpack_featured_media_url":"https:\/\/zonaroja.com.mx\/wp-content\/uploads\/2020\/07\/Gustavo-Meixueiro.jpg","jetpack_sharing_enabled":true,"_links":{"self":[{"href":"https:\/\/zonaroja.com.mx\/index.php?rest_route=\/wp\/v2\/posts\/15251","targetHints":{"allow":["GET"]}}],"collection":[{"href":"https:\/\/zonaroja.com.mx\/index.php?rest_route=\/wp\/v2\/posts"}],"about":[{"href":"https:\/\/zonaroja.com.mx\/index.php?rest_route=\/wp\/v2\/types\/post"}],"author":[{"embeddable":true,"href":"https:\/\/zonaroja.com.mx\/index.php?rest_route=\/wp\/v2\/users\/2"}],"replies":[{"embeddable":true,"href":"https:\/\/zonaroja.com.mx\/index.php?rest_route=%2Fwp%2Fv2%2Fcomments&post=15251"}],"version-history":[{"count":1,"href":"https:\/\/zonaroja.com.mx\/index.php?rest_route=\/wp\/v2\/posts\/15251\/revisions"}],"predecessor-version":[{"id":15253,"href":"https:\/\/zonaroja.com.mx\/index.php?rest_route=\/wp\/v2\/posts\/15251\/revisions\/15253"}],"wp:featuredmedia":[{"embeddable":true,"href":"https:\/\/zonaroja.com.mx\/index.php?rest_route=\/wp\/v2\/media\/15252"}],"wp:attachment":[{"href":"https:\/\/zonaroja.com.mx\/index.php?rest_route=%2Fwp%2Fv2%2Fmedia&parent=15251"}],"wp:term":[{"taxonomy":"category","embeddable":true,"href":"https:\/\/zonaroja.com.mx\/index.php?rest_route=%2Fwp%2Fv2%2Fcategories&post=15251"},{"taxonomy":"post_tag","embeddable":true,"href":"https:\/\/zonaroja.com.mx\/index.php?rest_route=%2Fwp%2Fv2%2Ftags&post=15251"}],"curies":[{"name":"wp","href":"https:\/\/api.w.org\/{rel}","templated":true}]}}