{"id":15254,"date":"2020-07-20T07:52:39","date_gmt":"2020-07-20T12:52:39","guid":{"rendered":"http:\/\/www.zonaroja.com.mx\/?p=15254"},"modified":"2020-07-20T07:52:42","modified_gmt":"2020-07-20T12:52:42","slug":"pese-a-ser-primer-lugar-en-contagios-no-hay-confinamiento-en-capital-de-oaxaca","status":"publish","type":"post","link":"https:\/\/zonaroja.com.mx\/?p=15254","title":{"rendered":"Pese a ser primer lugar en contagios, no hay confinamiento en capital de Oaxaca"},"content":{"rendered":"\n<p>Redacci\u00f3n\/Zona\nRoja.<\/p>\n\n\n\n<p>Oaxaca\nde Ju\u00e1rez, Oax., 20 de julio de 2020.- El gobierno municipal de la capital de\nOaxaca privilegi\u00f3 mantener la apertura comercial y las actividades no\nesenciales a partir de este lunes, pese a tener el primer lugar en el n\u00famero de\ndecesos y casos positivos por Covid-19.<\/p>\n\n\n\n<p>El\npasado viernes, la Secretar\u00eda de Salud federal determin\u00f3 que Oaxaca, entre\notras entidades, debe regresar al sem\u00e1foro rojo epidemiol\u00f3gico, que significa\nm\u00e1ximo riesgo de contagios a causa del virus y confinamiento total.<\/p>\n\n\n\n<p>Sin\nembargo, en sesi\u00f3n extraordinaria virtual, el Cabildo determin\u00f3 anoche una\nserie de medidas, que no incluyen el confinamiento sino \u00fanicamente el\nreforzamiento de los operativos de vigilancia a establecimientos comerciales,\nmercados p\u00fablicos y puestos en v\u00eda p\u00fablica \u201cpara el estricto cumplimiento de\nlas disposiciones decretadas\u201d.<\/p>\n\n\n\n<p>De\nacuerdo con un comunicado de prensa, el punto de acuerdo suscrito por el presidente\nmunicipal, Oswaldo Garc\u00eda Jarqu\u00edn, establece que el uso correcto del cubrebocas\nes obligatorio en todo el territorio de Oaxaca de Ju\u00e1rez. \u201cEsta disposici\u00f3n\ndeber\u00e1 informarse, en un lugar visible, en todos los establecimientos\ncomerciales y oficinas p\u00fablicas\u201d.&nbsp;&nbsp; <\/p>\n\n\n\n<p>Asimismo, se acord\u00f3 instalar filtros sanitarios en los accesos de la Central de Abasto, con especial \u00e9nfasis en los d\u00edas de m\u00e1s afluencia, hasta el 31 de julio del presente a\u00f1o.<\/p>\n\n\n\n<figure class=\"wp-block-image\"><img decoding=\"async\" width=\"320\" height=\"240\" src=\"http:\/\/www.zonaroja.com.mx\/wp-content\/uploads\/2020\/07\/Ciudad-de-Oaxaca-3.png\" alt=\"\" class=\"wp-image-15256\" srcset=\"https:\/\/zonaroja.com.mx\/wp-content\/uploads\/2020\/07\/Ciudad-de-Oaxaca-3.png 320w, https:\/\/zonaroja.com.mx\/wp-content\/uploads\/2020\/07\/Ciudad-de-Oaxaca-3-300x225.png 300w\" sizes=\"(max-width: 320px) 100vw, 320px\" \/><\/figure>\n\n\n\n<p>A\ntrav\u00e9s de la Direcci\u00f3n de Seguridad P\u00fablica, Vialidad y Protecci\u00f3n Ciudadana,\nse solicitar\u00e1 la colaboraci\u00f3n de la Secretar\u00eda de Movilidad del Estado para\ncoadyuvar en el establecimiento de filtros u operativos de vigilancia en las\nterminales de autobuses de primera y segunda clase y para que se establezcan\nmecanismos de seguridad sanitaria en el transporte for\u00e1neo y autobuses urbanos\ny suburbanos.<\/p>\n\n\n\n<p>Se\ninstruy\u00f3 a la Direcci\u00f3n de Seguridad P\u00fablica, Vialidad y Protecci\u00f3n Ciudadana\nreforzar los perifoneos de disuasi\u00f3n en la v\u00eda p\u00fablica, as\u00ed como el cierre de\nespacios p\u00fablicos municipales y la continuidad de los filtros sanitarios en\npuntos de acceso estrat\u00e9gicos de la ciudad.<\/p>\n\n\n\n<p>El\nCabildo aprob\u00f3 adem\u00e1s que las dependencias del gobierno municipal de Oaxaca de\nJu\u00e1rez que brindan atenci\u00f3n a la ciudadan\u00eda mantendr\u00e1n su funcionamiento,\nmediante previa cita y cumpliendo con las medidas sanitarias pertinentes.<\/p>\n\n\n\n<p>Se\ninstruy\u00f3 a las autoridades auxiliares para que vigilen el cumplimiento de las\ndisposiciones sanitarias emitidas por este ayuntamiento, en el \u00e1mbito de su\ncompetencia.<\/p>\n","protected":false},"excerpt":{"rendered":"<p>Redacci\u00f3n\/Zona Roja. Oaxaca de Ju\u00e1rez, Oax., 20 de julio de 2020.- El gobierno municipal de&hellip;<\/p>\n","protected":false},"author":2,"featured_media":15255,"comment_status":"closed","ping_status":"open","sticky":false,"template":"","format":"standard","meta":{"_lmt_disableupdate":"","_lmt_disable":"","_jetpack_memberships_contains_paid_content":false,"footnotes":""},"categories":[109,47],"tags":[1512,148],"class_list":["post-15254","post","type-post","status-publish","format-standard","has-post-thumbnail","hentry","category-minuto-a-minuto","category-zona-gris","tag-coronavirus-oaxaca","tag-oaxaca-de-juarez"],"jetpack_featured_media_url":"https:\/\/zonaroja.com.mx\/wp-content\/uploads\/2020\/07\/Covid-Oaxaca-2.png","jetpack_sharing_enabled":true,"_links":{"self":[{"href":"https:\/\/zonaroja.com.mx\/index.php?rest_route=\/wp\/v2\/posts\/15254","targetHints":{"allow":["GET"]}}],"collection":[{"href":"https:\/\/zonaroja.com.mx\/index.php?rest_route=\/wp\/v2\/posts"}],"about":[{"href":"https:\/\/zonaroja.com.mx\/index.php?rest_route=\/wp\/v2\/types\/post"}],"author":[{"embeddable":true,"href":"https:\/\/zonaroja.com.mx\/index.php?rest_route=\/wp\/v2\/users\/2"}],"replies":[{"embeddable":true,"href":"https:\/\/zonaroja.com.mx\/index.php?rest_route=%2Fwp%2Fv2%2Fcomments&post=15254"}],"version-history":[{"count":1,"href":"https:\/\/zonaroja.com.mx\/index.php?rest_route=\/wp\/v2\/posts\/15254\/revisions"}],"predecessor-version":[{"id":15257,"href":"https:\/\/zonaroja.com.mx\/index.php?rest_route=\/wp\/v2\/posts\/15254\/revisions\/15257"}],"wp:featuredmedia":[{"embeddable":true,"href":"https:\/\/zonaroja.com.mx\/index.php?rest_route=\/wp\/v2\/media\/15255"}],"wp:attachment":[{"href":"https:\/\/zonaroja.com.mx\/index.php?rest_route=%2Fwp%2Fv2%2Fmedia&parent=15254"}],"wp:term":[{"taxonomy":"category","embeddable":true,"href":"https:\/\/zonaroja.com.mx\/index.php?rest_route=%2Fwp%2Fv2%2Fcategories&post=15254"},{"taxonomy":"post_tag","embeddable":true,"href":"https:\/\/zonaroja.com.mx\/index.php?rest_route=%2Fwp%2Fv2%2Ftags&post=15254"}],"curies":[{"name":"wp","href":"https:\/\/api.w.org\/{rel}","templated":true}]}}