{"id":15258,"date":"2020-07-20T09:45:59","date_gmt":"2020-07-20T14:45:59","guid":{"rendered":"http:\/\/www.zonaroja.com.mx\/?p=15258"},"modified":"2020-07-20T09:46:03","modified_gmt":"2020-07-20T14:46:03","slug":"los-pleitos-de-morena-y-la-mano-del-gobierno-de-oaxaca","status":"publish","type":"post","link":"https:\/\/zonaroja.com.mx\/?p=15258","title":{"rendered":"Los pleitos de Morena y la mano del gobierno de Oaxaca"},"content":{"rendered":"\n<p>Ismael\nGarc\u00eda M.\/Zona Roja.<\/p>\n\n\n\n<p>Oaxaca\nde Ju\u00e1rez, Oax., 20 de julio de 2020.- A escasos meses del proceso electoral\n2020-2021, el Partido Morena en Oaxaca no cierra heridas y por el contrario\npersisten las divisiones.<\/p>\n\n\n\n<p>Un\ningrediente se agrega al partido pol\u00edtico que fund\u00f3 Andr\u00e9s Manuel L\u00f3pez\nObrador: el gobierno estatal pretende incidir desde distintos \u00e1ngulos, para\nminar m\u00e1s la fuerza morenista y tratar de obtener algunos triunfos en los\ncomicios pr\u00f3ximos.<\/p>\n\n\n\n<p>Lo\nmismo pretende imponer un candidato a modo a gobernador, a trav\u00e9s de Francisco\nMart\u00ednez Neri, que a un coordinador de la bancada legislativa local, Fredy\nDelf\u00edn. El grupo que comanda el senador Salom\u00f3n Jara Cruz, asegura que cuenta\ncon la mayor\u00eda tanto de militantes como de consejeros e impedir\u00e1 cualquier\nintromisi\u00f3n.<\/p>\n\n\n\n<p>En\nsu debut como la primera fuerza pol\u00edtica de Oaxaca, Morena ha mostrado en su\ncorta trayectoria divisiones de poder en su interior.<\/p>\n\n\n\n<p>Aunque\nla simpat\u00eda popular de la ciudadan\u00eda se mantiene, como un voto de confianza al\nmandatario nacional, Andr\u00e9s Manuel L\u00f3pez Obrador, los l\u00edderes estatales de\nMorena act\u00faan en deterioro del partido, incluso desde el Congreso.<\/p>\n\n\n\n<p>En\nseptiembre de 2013, L\u00f3pez Obrador celebr\u00f3 en Oaxaca la primera asamblea\nconstitutiva del Movimiento de Regeneraci\u00f3n Nacional, rumbo a su registro como\npartido pol\u00edtico.<\/p>\n\n\n\n<p>En\naquella ocasi\u00f3n la asociaci\u00f3n civil abri\u00f3 el proceso de verificaci\u00f3n por parte\ndel entonces Instituto Federal Electoral (IFE) con el apoyo de seis mil 691\ndelegados.<\/p>\n\n\n\n<p>Ya\ncomo partido, para la jornada electoral del 2016, Morena particip\u00f3 por primera\nvez y en Oaxaca Salom\u00f3n Jara Cruz encabez\u00f3 las candidaturas como aspirante a\ngobernador del estado, la cual perdi\u00f3 frente al PRI.<\/p>\n\n\n\n<p>Sin\nembargo, el nuevo partido mostr\u00f3 ese a\u00f1o el m\u00fasculo electoral que durante la\njornada electoral intermedia del 2018 sirvi\u00f3 para colocarse como la primera\nfuerza pol\u00edtica en el estado.<\/p>\n\n\n\n<p>El\ncongreso estatal que se pint\u00f3 de Morena, aunque pronto surgieron las disputas\npara el control. Antes de la toma de protesta de la 64 Legislatura, en Morena\nse comenzaron a medir las fuerzas internas y se dio la primera fractura,\ninducida por el gobierno de Alejandro Murat.<\/p>\n\n\n\n<p>De\n26 legisladores electos por Morena, se arm\u00f3 un grupo de 10 a 12 afines al\nproyecto priista, que persiste a la fecha y de los que el priista Alejandro\nAvil\u00e9s presume que son su cosecha, de la mano con Ericel G\u00f3mez Nucamendi.<\/p>\n\n\n\n<p>Para\nel 15 de noviembre 2018 la divisi\u00f3n interna en la fracci\u00f3n parlamentaria de\nMorena se hace p\u00fablica durante una ri\u00f1a de dimes y diretes en sesi\u00f3n de\nCongreso.<\/p>\n\n\n\n<p>Se\nse\u00f1al\u00f3 de un pacto pol\u00edtico con el gobernador Alejandro Murat Hinojosa para\nimponer la Junta de Coordinaci\u00f3n Pol\u00edtica que fue encabeza por Laura Estrada\nMaura, allegada a Salom\u00f3n Jara Cruz.<\/p>\n\n\n\n<p>SIGUE\nDESORDEN<\/p>\n\n\n\n<p>Mientras\nel partido en Oaxaca hac\u00eda mutis, la reyerta en el Legislativo continuaba <\/p>\n\n\n\n<p>M\u00e1s\nall\u00e1 de los l\u00edos en el Congreso tambi\u00e9n se parec\u00edan desacuerdos y olvido\ninstitucional.<\/p>\n\n\n\n<p>El\nprimer Comit\u00e9 Ejecutivo Estatal lo integraron Nancy Ortiz Cabrera como\npresidenta y Sesul Bola\u00f1os L\u00f3pez como secretario General, en tanto Irma Juan\nCarlos como presidenta del Consejo Estatal; tras el ingreso de la primera como funcionaria\ndel gobierno federal, en diciembre de 2018, la dirigencia qued\u00f3 ac\u00e9fala.<\/p>\n\n\n\n<p>En\nlos reacomodos de los pleitos en el seno del Legislativo, Yeidkol Polevnsky\nlogr\u00f3 incrustar a Ericel G\u00f3mez Nucamendi como delegado especial para Oaxaca, a\npesar de no ser militante formal ni tener carrera partidista de izquierda o de\nMorena; mucho menos ha recorrido las comunidades ni conoce a la militancia.<\/p>\n\n\n\n<p>Por\ncierto, su designaci\u00f3n viol\u00f3 los estatutos morenistas, pues debi\u00f3 dejar la\ndiputaci\u00f3n para tener un cargo de representaci\u00f3n partidista.<\/p>\n\n\n\n<p>En\nel marco de los l\u00edos nacionales internos tambi\u00e9n, en el cambio de dirigencia en\nel pa\u00eds y en la entidad, se perfil\u00f3 a Jes\u00fas Romero L\u00f3pez como pr\u00f3ximo\npresidente del partido, pero la determinaci\u00f3n del Instituto Nacional Electoral ech\u00f3\nabajo los procesos.<\/p>\n\n\n\n<p>Con\nel arribo de Alfonso Ram\u00edrez Cu\u00e9llar, a principios del a\u00f1o, a la dirigencia\nnacional, comenzaron las nuevas correlaciones de fuerzas, y los se\u00f1alamientos\nde corrupci\u00f3n tambi\u00e9n a nivel nacional, principalmente contra Yeidkol pero que\nincluso alcanzaron a Oaxaca, pues durante el periodo de Nancy Ortiz se adquiri\u00f3\nun edificio del que se pag\u00f3 m\u00e1s del doble, asunto no aclarado a\u00fan.<\/p>\n\n\n\n<p>Las\ndiferencias &nbsp;continuaron y se dejaron ver\npor cualquier situaci\u00f3n, una de ellas exhibida recientemente el pasado 28 de\njunio cuando un grupo de militantes de Morena, encabezados por los ex\nperredistas Rosendo Serrano Toledo y Rey Morales S\u00e1nchez, se manifestaron\nrechazo a la convocatoria de sesi\u00f3n extraordinaria por integrantes del CEE.<\/p>\n\n\n\n<p>El\n1 de julio en un oficio firmado por Patricio Ballardo, director Ejecutivo de\nPrerrogativas, el INE desconoci\u00f3 a los delegados especiales, entre ellos al de\nOaxaca, Ericel G\u00f3mez, y el partido de nuevo qued\u00f3 sin cabeza, pues Sesul\nBola\u00f1os ni siquiera figuraba p\u00fablicamente ni mucho menos tomaba decisiones;\ntras ello, Sesul se anim\u00f3 a pedir que le dieran la presidencia del partido,\npues le correspond\u00eda legalmente, seg\u00fan los estatutos.<\/p>\n\n\n\n<p>Fue\nhasta el pasado 16 de julio 2020 que Morena aval\u00f3 al Secretario General del\nComit\u00e9 Ejecutivo Estatal, Sesul Bola\u00f1os L\u00f3pez, asumir la dirigencia estatal del\npartido.<\/p>\n\n\n\n<p>Pero\ndos d\u00edas antes, Ericel G\u00f3mez y varios m\u00e1s, firmaron un desplegado, este \u00faltimo\nautodesignado delegado especial, en que saludaron la creaci\u00f3n del Movimiento\npor la Transformaci\u00f3n de Oaxaca.<\/p>\n\n\n\n<p>Y\nel pasado s\u00e1bado, violando todas las disposiciones sanitarias de los gobiernos\nfederal y estatal, el ex rector de la UABJO y ex diputado federal Francisco\nMart\u00ednez Neri, encabez\u00f3 la creaci\u00f3n del Movimiento por la Transformaci\u00f3n de\nOaxaca.<\/p>\n\n\n\n<p>Respaldado\n\u00fanicamente por un centenar de personas, militantes del MULT; por el diputado federal\nDaniel Guti\u00e9rrez y por Rogelio Pensamiento, actual dirigente del Movimiento de\nUnificaci\u00f3n y Lucha Triqui, convertido en un remedo de organizaci\u00f3n totalmente\ndisminuida\u2026 y al servicio del PRI.<\/p>\n\n\n\n<p>Es\nel gobierno y el PRI justamente los que promueven a Mart\u00ednez Neri como su\ncandidato a gobernador, para hacer contrapeso a Salom\u00f3n Jara Cruz, que comanda\nel bloque mayoritario, de hasta 80 a 90 por ciento de consejeros estatales.<\/p>\n\n\n\n<p>A\nla rebeli\u00f3n, Neri y quienes lo alientan quieren sumar a los grupos de Armando\nContreras Castillo, que tambi\u00e9n quiere ser candidato a gobernador, apoyado \u00fanicamente\npor Ericel G\u00f3mez, en alianza con Alejandro Avil\u00e9s; tambi\u00e9n, a Rosendo Serrano, priista\nde cepa &#8211;que tiene una hija diputada \u201cindependiente\u201d en lugar de tenerla\nadscrita a Morena&#8211; y que, disfrazado en el PRD y ahora en Morena siempre ha\nestado al servicio de Jos\u00e9 Murat.<\/p>\n\n\n\n<p>En\nel Legislativo, un reducido grupo de morenistas leales al PRI ya alienta la\npostulaci\u00f3n de Fredy Delf\u00edn, un gris diputado, para suplir en el tercer a\u00f1o a Horacio\nSosa Villavicencio.<\/p>\n\n\n\n<p>As\u00ed\nlas v\u00edsperas de Morena ante los pr\u00f3ximos comicios, en que enfrenta el reto\nrefrendar las mayor\u00edas e intenta ganar la gubernatura, a\u00fan contra la sugerencia\nde Ricardo Monreal &#8211;alfil de Murar Casab&#8211; de querer aliar al partido con el\nPVEM, que es el PRI.<\/p>\n","protected":false},"excerpt":{"rendered":"<p>Ismael Garc\u00eda M.\/Zona Roja. Oaxaca de Ju\u00e1rez, Oax., 20 de julio de 2020.- A escasos&hellip;<\/p>\n","protected":false},"author":2,"featured_media":7610,"comment_status":"closed","ping_status":"open","sticky":false,"template":"","format":"standard","meta":{"_lmt_disableupdate":"","_lmt_disable":"","_jetpack_memberships_contains_paid_content":false,"footnotes":""},"categories":[456,109,48],"tags":[1353],"class_list":["post-15258","post","type-post","status-publish","format-standard","has-post-thumbnail","hentry","category-columna","category-minuto-a-minuto","category-zona-critica","tag-opinion-zona-critica"],"jetpack_featured_media_url":"https:\/\/zonaroja.com.mx\/wp-content\/uploads\/2020\/01\/Opini\u00f3n-Zona-Cr\u00edtica.jpg","jetpack_sharing_enabled":true,"_links":{"self":[{"href":"https:\/\/zonaroja.com.mx\/index.php?rest_route=\/wp\/v2\/posts\/15258","targetHints":{"allow":["GET"]}}],"collection":[{"href":"https:\/\/zonaroja.com.mx\/index.php?rest_route=\/wp\/v2\/posts"}],"about":[{"href":"https:\/\/zonaroja.com.mx\/index.php?rest_route=\/wp\/v2\/types\/post"}],"author":[{"embeddable":true,"href":"https:\/\/zonaroja.com.mx\/index.php?rest_route=\/wp\/v2\/users\/2"}],"replies":[{"embeddable":true,"href":"https:\/\/zonaroja.com.mx\/index.php?rest_route=%2Fwp%2Fv2%2Fcomments&post=15258"}],"version-history":[{"count":1,"href":"https:\/\/zonaroja.com.mx\/index.php?rest_route=\/wp\/v2\/posts\/15258\/revisions"}],"predecessor-version":[{"id":15259,"href":"https:\/\/zonaroja.com.mx\/index.php?rest_route=\/wp\/v2\/posts\/15258\/revisions\/15259"}],"wp:featuredmedia":[{"embeddable":true,"href":"https:\/\/zonaroja.com.mx\/index.php?rest_route=\/wp\/v2\/media\/7610"}],"wp:attachment":[{"href":"https:\/\/zonaroja.com.mx\/index.php?rest_route=%2Fwp%2Fv2%2Fmedia&parent=15258"}],"wp:term":[{"taxonomy":"category","embeddable":true,"href":"https:\/\/zonaroja.com.mx\/index.php?rest_route=%2Fwp%2Fv2%2Fcategories&post=15258"},{"taxonomy":"post_tag","embeddable":true,"href":"https:\/\/zonaroja.com.mx\/index.php?rest_route=%2Fwp%2Fv2%2Ftags&post=15258"}],"curies":[{"name":"wp","href":"https:\/\/api.w.org\/{rel}","templated":true}]}}