{"id":15260,"date":"2020-07-20T12:19:49","date_gmt":"2020-07-20T17:19:49","guid":{"rendered":"https:\/\/www.zonaroja.com.mx\/?p=15260"},"modified":"2020-07-20T12:19:51","modified_gmt":"2020-07-20T17:19:51","slug":"discrepa-gobernador-de-oaxaca-con-la-federacion-por-color-en-semaforo-epidemiologico","status":"publish","type":"post","link":"https:\/\/zonaroja.com.mx\/?p=15260","title":{"rendered":"Discrepa gobernador de Oaxaca con la Federaci\u00f3n por color en sem\u00e1foro epidemiol\u00f3gico"},"content":{"rendered":"\n<p>Evlin Arag\u00f3n\/Zona Roja.&nbsp;<\/p>\n\n\n\n<p>Oaxaca de Ju\u00e1rez, Oax., 20 de julio de 2020.- &nbsp;El gobernador de Oaxaca, Alejandro Murat Hinojosa, lament\u00f3 que el Gobierno Federal cambiara la formula en la evaluaci\u00f3n que realiza por la pandemia por Covid-19, situaci\u00f3n que dijo gener\u00f3 las inconsistencias que regresaron a la entidad a sem\u00e1foro rojo, pese a que el n\u00famero de decesos se ha mantenido estable y la capacidad hospitalaria se mantiene en amarillo.<\/p>\n\n\n\n<p>As\u00ed lo expres\u00f3 en entrevista radiof\u00f3nica para Oro Divisi\u00f3n Noticias, en donde se manifest\u00f3 respetuoso de los lineamientos expuestos por las autoridades federales, sin embargo, asegur\u00f3 no compartir la decisi\u00f3n anterior por lo que mantendr\u00e1 la ruta trazada con anterioridad, una vez que se declar\u00f3 en sem\u00e1foro naranja a la entidad y se inici\u00f3 la transici\u00f3n a la \u00abnueva normalidad\u00bb.&nbsp;<\/p>\n\n\n\n<p>Murat Hinojosa dijo que el n\u00famero de contagios deriva de una ecuaci\u00f3n sesgada, ya que si se hacen m\u00e1s pruebas el porcentaje baja, pero si no autorizan los laboratorios, como en el caso de Oaxaca, lo que sucede es que incrementa el n\u00famero de caos. \u201cEse sesgo lo respetamos, al Consejo de Salubridad, pero no lo compartimos\u201d.<\/p>\n\n\n\n<p>As\u00ed mismo reconoci\u00f3 que el Gobierno Federal es un par\u00e1metro importante y hay que implementarlo, aunque tambi\u00e9n es necesario transitar de a poco a la normalidad que anhela la ciudadan\u00eda. \u201cEl sem\u00e1foro rojo, hasta que no haya una cura, una vacuna, se debe de implementar, punto. Pero tambi\u00e9n tenemos que realizar como sociedad y comunidad una transici\u00f3n a la nueva normalidad\u201d, dijo.&nbsp;&nbsp;<\/p>\n\n\n\n<p>El mandatario asegur\u00f3 que en los Valles Centrales, de forma particular la ciudad de Oaxaca se mantiene estable por lo que no se regresa al confinamiento que en teor\u00eda prev\u00e9 el color rojo en el sem\u00e1foro, por el contrario, se mantendr\u00e1n las acciones \u201cgraduales\u201d para regresar a la normalidad.<\/p>\n\n\n\n<p>Sin embargo, reconoci\u00f3 que en el Istmo de Tehuantepec y Cuenca del Papaloapan existe el mayor riesgo de contagio en estos momentos, por lo que propuso el confinamiento voluntario por 10 d\u00edas, para evitar el colapso en los Servicios de Salud y una mayor afectaci\u00f3n en la poblaci\u00f3n.<\/p>\n\n\n\n<p>\u201cLo que si pido e invito a la poblaci\u00f3n es a que implemente las medidas de mitigaci\u00f3n, eso es lo \u00fanico que sirve, es lo \u00fanico que nos va a salvar la vida. Quiero dejarlo muy claro, no hay cura, no hay manera de asegurar que una persona va a vivir si se contagia del virus\u201d, sentenci\u00f3 en la entrevista con Humberto Cruz Mat\u00edas. <\/p>\n","protected":false},"excerpt":{"rendered":"<p>Evlin Arag\u00f3n\/Zona Roja.&nbsp; Oaxaca de Ju\u00e1rez, Oax., 20 de julio de 2020.- &nbsp;El gobernador de&hellip;<\/p>\n","protected":false},"author":2,"featured_media":13876,"comment_status":"closed","ping_status":"open","sticky":false,"template":"","format":"standard","meta":{"_lmt_disableupdate":"","_lmt_disable":"","_jetpack_memberships_contains_paid_content":false,"footnotes":""},"categories":[109,47],"tags":[1512],"class_list":["post-15260","post","type-post","status-publish","format-standard","has-post-thumbnail","hentry","category-minuto-a-minuto","category-zona-gris","tag-coronavirus-oaxaca"],"jetpack_featured_media_url":"https:\/\/zonaroja.com.mx\/wp-content\/uploads\/2020\/06\/filtroCiudad-Judicial.jpg","jetpack_sharing_enabled":true,"_links":{"self":[{"href":"https:\/\/zonaroja.com.mx\/index.php?rest_route=\/wp\/v2\/posts\/15260","targetHints":{"allow":["GET"]}}],"collection":[{"href":"https:\/\/zonaroja.com.mx\/index.php?rest_route=\/wp\/v2\/posts"}],"about":[{"href":"https:\/\/zonaroja.com.mx\/index.php?rest_route=\/wp\/v2\/types\/post"}],"author":[{"embeddable":true,"href":"https:\/\/zonaroja.com.mx\/index.php?rest_route=\/wp\/v2\/users\/2"}],"replies":[{"embeddable":true,"href":"https:\/\/zonaroja.com.mx\/index.php?rest_route=%2Fwp%2Fv2%2Fcomments&post=15260"}],"version-history":[{"count":1,"href":"https:\/\/zonaroja.com.mx\/index.php?rest_route=\/wp\/v2\/posts\/15260\/revisions"}],"predecessor-version":[{"id":15261,"href":"https:\/\/zonaroja.com.mx\/index.php?rest_route=\/wp\/v2\/posts\/15260\/revisions\/15261"}],"wp:featuredmedia":[{"embeddable":true,"href":"https:\/\/zonaroja.com.mx\/index.php?rest_route=\/wp\/v2\/media\/13876"}],"wp:attachment":[{"href":"https:\/\/zonaroja.com.mx\/index.php?rest_route=%2Fwp%2Fv2%2Fmedia&parent=15260"}],"wp:term":[{"taxonomy":"category","embeddable":true,"href":"https:\/\/zonaroja.com.mx\/index.php?rest_route=%2Fwp%2Fv2%2Fcategories&post=15260"},{"taxonomy":"post_tag","embeddable":true,"href":"https:\/\/zonaroja.com.mx\/index.php?rest_route=%2Fwp%2Fv2%2Ftags&post=15260"}],"curies":[{"name":"wp","href":"https:\/\/api.w.org\/{rel}","templated":true}]}}