{"id":15262,"date":"2020-07-20T14:39:21","date_gmt":"2020-07-20T19:39:21","guid":{"rendered":"http:\/\/www.zonaroja.com.mx\/?p=15262"},"modified":"2020-07-20T14:44:00","modified_gmt":"2020-07-20T19:44:00","slug":"pese-a-semaforo-rojo-movilidad-sin-control-en-oaxaca","status":"publish","type":"post","link":"https:\/\/zonaroja.com.mx\/?p=15262","title":{"rendered":"Pese a sem\u00e1foro rojo, movilidad sin control en Oaxaca"},"content":{"rendered":"\n<p>Yuridiana\nSosa\/Zona Roja.<\/p>\n\n\n\n<p>Oaxaca\nde Ju\u00e1rez, Oax., 20 de julio de 2020.- En fase de alerta m\u00e1xima por contagios\nde covid-19, ciudadanos vuelven a inundar las calles de la capital de Oaxaca.\nEl primer cuadro de la ciudad sigue como epicentro de movilidad pese a\ninnumerables llamados al distanciamiento social.<\/p>\n\n\n\n<p>Es\nlunes del regreso al sem\u00e1foro rojo en la escala epidemiol\u00f3gica, tras dos\nsemanas de permanecer en color naranja, y la presencia de la poblaci\u00f3n en la\nv\u00eda p\u00fablica se intensific\u00f3.<\/p>\n\n\n\n<p>Para este domingo, al paso de dos semanas de transitar por sem\u00e1foro naranja, la entidad lleg\u00f3 ocho mil 704 casos acumulados y 824 defunciones, mientras que al inicio de esa etapa el estado registraba un total de seis mil 451 casos y 637 decesos, es decir, se increment\u00f3 un 35 por ciento los casos y 30 por ciento las defunciones.<\/p>\n\n\n\n<p>Este lunes, el gobierno estatal decidi\u00f3 no cerrar los comercios ni establecimientos no esenciales, como debiera ocurrir en la fase de m\u00e1xima alerta; tampoco impide el paso en los parques p\u00fablicos como la Alameda y el z\u00f3calo.<\/p>\n\n\n\n<p>Cientos\nde habitantes de la capital y municipios conurbados forman una fila casi\ninterminable para ingresar a una instituci\u00f3n bancaria en el Centro Hist\u00f3rico,\ndonde este a\u00f1o no son las actividades de Guelaguetza lo que motiva la\nmovilidad, sino la vida diaria, la necesidad o necedad.<\/p>\n\n\n\n<p>Personas\ncon rostros cubiertos con mascarillas, en se\u00f1al de acato a las medidas\nsanitarias por contingencia, invaden en una fila m\u00e1s de tres cuadras; otras son\ncomerciantes informales que no cesan en la instalaci\u00f3n de puestos, unos en\npleno z\u00f3calo ya convertido en un tianguis.<\/p>\n\n\n\n<p>El sem\u00e1foro ya no es una referencia para la poblaci\u00f3n, sea naranja o rojo, que forman estampidas a su paso por el centro de la ciudad, donde al corte de este 19 de julio se report\u00f3 un acumulado de dos mil 249 casos, 167 defunciones y 159 casos sospechosos.<\/p>\n\n\n\n<figure class=\"wp-block-embed-twitter wp-block-embed is-type-rich is-provider-twitter\"><div class=\"wp-block-embed__wrapper\">\n<div class=\"twitter-tweet\"><blockquote class=\"twitter-tweet\" data-lang=\"es\"><p lang=\"es\" dir=\"ltr\"><a href=\"https:\/\/twitter.com\/hashtag\/ENVIVO?src=hash&amp;ref_src=twsrc%5Etfw\">#ENVIVO<\/a><br>Oaxaca de Ju\u00e1rez, Oax., 20 de julio de 2020.- As\u00ed el centro de la ciudad de Oaxaca en el regreso esta semana al sem\u00e1foro epidemiol\u00f3gico rojo, abre el alto n\u00famero de contagios por Covid-19.<br><br>Aqu\u00ed el enlace\ud83d\udc47<a href=\"https:\/\/t.co\/nk5Ji055UC\">https:\/\/t.co\/nk5Ji055UC<\/a> <a href=\"https:\/\/t.co\/nfiHC7xVVq\">pic.twitter.com\/nfiHC7xVVq<\/a><\/p>&mdash; Zona Roja Oaxaca (@MexRoja) <a href=\"https:\/\/twitter.com\/MexRoja\/status\/1285245765615595523?ref_src=twsrc%5Etfw\">20 de julio de 2020<\/a><\/blockquote><\/div>\n<\/div><\/figure>\n\n\n\n<p>CUENCA\nE ISTMO EN ALERTA<\/p>\n\n\n\n<p>Durante\nel mensaje semanal de domingo, el gobernador de Oaxaca Alejandro Murat\nHinojosa, reconoci\u00f3 la gravedad que se vive en la regi\u00f3n de la Cuenca respecto\na la pandemia, de la que el ex presidente de San Juan Bautista Tuxtepec,\nFernando Bautista D\u00e1vila, fue v\u00edctima mortal.<\/p>\n\n\n\n<p>Este\nlunes el gobierno municipal de Tuxtepec comenz\u00f3 con la aplicaci\u00f3n de medidas\nm\u00e1s severas para contener la propagaci\u00f3n de casos, los cuales alcanzaron la\ncifra de 996 casos acumulados, 142 defunciones y 136 sospechosos.<\/p>\n\n\n\n<p>Aplicaron\nun cerco vial en el centro de la ciudad, abierto s\u00f3lo a la movilidad peatonal;\naunque el comercio sigue activo y se redujo el horario para vendedores en la\nv\u00eda p\u00fablica y para venta de bebidas alcoh\u00f3licas, con ley seca de viernes a\ndomingo.<\/p>\n\n\n\n<p>Adem\u00e1s,\nquien no porte cubrebocas no accede al cerco sanitaria y recibe una multa de\ndos Unidad de Medida y Actualizaci\u00f3n (UMA) \u2013por cerca de 174 pesos- as\u00ed como a\ncualquiera quien no porte cubrebocas en la v\u00eda p\u00fablica, entre otras.<\/p>\n\n\n\n<p>Mientras\nque en Loma Bonita, donde la autoridad local report\u00f3 la defunci\u00f3n de unas 60\npersonas bajo sospecha de Covid-19, el Cabildo decidi\u00f3 reabrir el comercio este\n20 de julio luego de un cierre total durante dos semanas.<\/p>\n\n\n\n<p>Mientras\nque, en Juchit\u00e1n de Zaragoza, en el Istmo, con la implementaci\u00f3n del sem\u00e1foro\nen rojo, el ayuntamiento determin\u00f3 el cierre del comercio establecido, semifijos,\nambulantes, tiendas departamentales por cinco d\u00edas como medida de contenci\u00f3n de\ncasos.<\/p>\n\n\n\n<p>Durante\nla jornada laboral de este lunes la poblaci\u00f3n juchiteca acat\u00f3 la disposici\u00f3n,\npues en ese municipio el aumento de casos se mostr\u00f3 sin control, alcanzando los\n121 casos acumulados y 23 defunciones.<\/p>\n\n\n\n<p>En\nCiudad Ixtepec, Santiago Laollaga y Santo Domingo Tehuantepec, entre otros\nmunicipios, tambi\u00e9n determinaron medidas m\u00e1s dr\u00e1sticas para frenar la pandemia\ndel Covid-19.<\/p>\n","protected":false},"excerpt":{"rendered":"<p>Yuridiana Sosa\/Zona Roja. Oaxaca de Ju\u00e1rez, Oax., 20 de julio de 2020.- En fase de&hellip;<\/p>\n","protected":false},"author":2,"featured_media":15263,"comment_status":"closed","ping_status":"open","sticky":false,"template":"","format":"standard","meta":{"_lmt_disableupdate":"","_lmt_disable":"","_jetpack_memberships_contains_paid_content":false,"footnotes":""},"categories":[109,47],"tags":[1512],"class_list":["post-15262","post","type-post","status-publish","format-standard","has-post-thumbnail","hentry","category-minuto-a-minuto","category-zona-gris","tag-coronavirus-oaxaca"],"jetpack_featured_media_url":"https:\/\/zonaroja.com.mx\/wp-content\/uploads\/2020\/07\/Gente-ciudad-de-Oaxaca.png","jetpack_sharing_enabled":true,"_links":{"self":[{"href":"https:\/\/zonaroja.com.mx\/index.php?rest_route=\/wp\/v2\/posts\/15262","targetHints":{"allow":["GET"]}}],"collection":[{"href":"https:\/\/zonaroja.com.mx\/index.php?rest_route=\/wp\/v2\/posts"}],"about":[{"href":"https:\/\/zonaroja.com.mx\/index.php?rest_route=\/wp\/v2\/types\/post"}],"author":[{"embeddable":true,"href":"https:\/\/zonaroja.com.mx\/index.php?rest_route=\/wp\/v2\/users\/2"}],"replies":[{"embeddable":true,"href":"https:\/\/zonaroja.com.mx\/index.php?rest_route=%2Fwp%2Fv2%2Fcomments&post=15262"}],"version-history":[{"count":2,"href":"https:\/\/zonaroja.com.mx\/index.php?rest_route=\/wp\/v2\/posts\/15262\/revisions"}],"predecessor-version":[{"id":15265,"href":"https:\/\/zonaroja.com.mx\/index.php?rest_route=\/wp\/v2\/posts\/15262\/revisions\/15265"}],"wp:featuredmedia":[{"embeddable":true,"href":"https:\/\/zonaroja.com.mx\/index.php?rest_route=\/wp\/v2\/media\/15263"}],"wp:attachment":[{"href":"https:\/\/zonaroja.com.mx\/index.php?rest_route=%2Fwp%2Fv2%2Fmedia&parent=15262"}],"wp:term":[{"taxonomy":"category","embeddable":true,"href":"https:\/\/zonaroja.com.mx\/index.php?rest_route=%2Fwp%2Fv2%2Fcategories&post=15262"},{"taxonomy":"post_tag","embeddable":true,"href":"https:\/\/zonaroja.com.mx\/index.php?rest_route=%2Fwp%2Fv2%2Ftags&post=15262"}],"curies":[{"name":"wp","href":"https:\/\/api.w.org\/{rel}","templated":true}]}}