{"id":15266,"date":"2020-07-20T14:54:21","date_gmt":"2020-07-20T19:54:21","guid":{"rendered":"http:\/\/www.zonaroja.com.mx\/?p=15266"},"modified":"2020-07-20T14:54:24","modified_gmt":"2020-07-20T19:54:24","slug":"covid-19-tambien-invade-el-hospital-civil-de-oaxaca-denuncian","status":"publish","type":"post","link":"https:\/\/zonaroja.com.mx\/?p=15266","title":{"rendered":"Covid-19 tambi\u00e9n invade el Hospital Civil de Oaxaca, denuncian"},"content":{"rendered":"\n<p>Yuridiana\nSosa\/Zona Roja.<\/p>\n\n\n\n<p>Oaxaca\nde Ju\u00e1rez, Oax., 20 de julio de 2020.- Por incertidumbre en las garant\u00edas\nlaborales que ofrecen los Servicios de Salud de Oaxaca (SSO), personal de\nenfermer\u00eda del Hospital Civil \u201cDr. Aurelio Valdivieso\u201d, se manifest\u00f3 este lunes\npara denunciar los incumplimientos y exigir audiencia con el gobernador\nAlejandro Murat.<\/p>\n\n\n\n<p>A\nm\u00e1s de cuatro meses de declarada la contingencia, y en pleno retroceso a\nsem\u00e1foro rojo, los trabajadores de salud no dejan de denunciar irregularidades\npara que se ofrezca una \u00f3ptima atenci\u00f3n a la poblaci\u00f3n y falta de protecci\u00f3n\npara la primera l\u00ednea de batalla.<\/p>\n\n\n\n<p>Durante\nla pandemia, son cerca de 60 trabajadores del nosocomio contagiados de Covid-19\ny una defunci\u00f3n, situaci\u00f3n que se debe a la escasa distribuci\u00f3n de equipo de\nprotecci\u00f3n, se\u00f1alaron los quejosos.<\/p>\n\n\n\n<p>Los enfermeros y enfermeras exigieron ser categorizados como personal de alto riesgo y recibir bonos econ\u00f3micos por contingencia, as\u00ed como la contrataci\u00f3n de m\u00e1s personal de enfermer\u00eda.<\/p>\n\n\n\n<figure class=\"wp-block-embed-twitter wp-block-embed is-type-rich is-provider-twitter\"><div class=\"wp-block-embed__wrapper\">\n<div class=\"twitter-tweet\"><blockquote class=\"twitter-tweet\" data-lang=\"es\"><p lang=\"es\" dir=\"ltr\"><a href=\"https:\/\/twitter.com\/hashtag\/ENVIVO?src=hash&amp;ref_src=twsrc%5Etfw\">#ENVIVO<\/a><br>Oaxaca de Ju\u00e1rez, Oax., 20 de julio de 2020.- Conferencia de prensa de trabajadores del Hospital Civil \u201cDr. Aurelio Valdivieso\u201d, para expresar algunas inconformidades. Denuncian qu\u00e9 hay 60 trabajadores contagiados y un deceso. <br><br>Aqu\u00ed el enlace \ud83d\udc47<a href=\"https:\/\/t.co\/dzmhq2QeEW\">https:\/\/t.co\/dzmhq2QeEW<\/a> <a href=\"https:\/\/t.co\/E8LIVqSJBU\">pic.twitter.com\/E8LIVqSJBU<\/a><\/p>&mdash; Zona Roja Oaxaca (@MexRoja) <a href=\"https:\/\/twitter.com\/MexRoja\/status\/1285256680721264641?ref_src=twsrc%5Etfw\">20 de julio de 2020<\/a><\/blockquote><\/div>\n<\/div><\/figure>\n\n\n\n<p>La\nausencia de unos 320 trabajadores del nosocomio, por decreto presidencial,\nobliga al resto a realizar amplias y extenuantes jornadas laborales que hasta\nel momento tampoco con recompensadas econ\u00f3micamente, lo cual demandaron se\ncumpla.<\/p>\n\n\n\n<p>Denunciaron\nque adem\u00e1s del \u00e1rea Covid, se ha detectado la atenci\u00f3n de personas diagnosticadas\ncon coronavirus en \u00e1reas distintas, como son en los pisos de Cirug\u00eda y\nEspecialidades, Medicina Interna, Traumatolog\u00eda y Ginecolog\u00eda y Obstetricia,\ndonde tambi\u00e9n se han contagiado compa\u00f1eros.<\/p>\n\n\n\n<p>De\nno contar con respuestas inmediatas a sus peticiones, entre las que recalcaron\nel pago quincenal de enfermeros eventuales, considerar\u00e1n un paro de labores.<\/p>\n","protected":false},"excerpt":{"rendered":"<p>Yuridiana Sosa\/Zona Roja. Oaxaca de Ju\u00e1rez, Oax., 20 de julio de 2020.- Por incertidumbre en&hellip;<\/p>\n","protected":false},"author":2,"featured_media":15267,"comment_status":"closed","ping_status":"open","sticky":false,"template":"","format":"standard","meta":{"_lmt_disableupdate":"","_lmt_disable":"","_jetpack_memberships_contains_paid_content":false,"footnotes":""},"categories":[109,47],"tags":[1633],"class_list":["post-15266","post","type-post","status-publish","format-standard","has-post-thumbnail","hentry","category-minuto-a-minuto","category-zona-gris","tag-hospital-general-dr-aurelio-valdivieso"],"jetpack_featured_media_url":"https:\/\/zonaroja.com.mx\/wp-content\/uploads\/2020\/07\/Conferencia-Hospital-Civil.jpg","jetpack_sharing_enabled":true,"_links":{"self":[{"href":"https:\/\/zonaroja.com.mx\/index.php?rest_route=\/wp\/v2\/posts\/15266","targetHints":{"allow":["GET"]}}],"collection":[{"href":"https:\/\/zonaroja.com.mx\/index.php?rest_route=\/wp\/v2\/posts"}],"about":[{"href":"https:\/\/zonaroja.com.mx\/index.php?rest_route=\/wp\/v2\/types\/post"}],"author":[{"embeddable":true,"href":"https:\/\/zonaroja.com.mx\/index.php?rest_route=\/wp\/v2\/users\/2"}],"replies":[{"embeddable":true,"href":"https:\/\/zonaroja.com.mx\/index.php?rest_route=%2Fwp%2Fv2%2Fcomments&post=15266"}],"version-history":[{"count":1,"href":"https:\/\/zonaroja.com.mx\/index.php?rest_route=\/wp\/v2\/posts\/15266\/revisions"}],"predecessor-version":[{"id":15268,"href":"https:\/\/zonaroja.com.mx\/index.php?rest_route=\/wp\/v2\/posts\/15266\/revisions\/15268"}],"wp:featuredmedia":[{"embeddable":true,"href":"https:\/\/zonaroja.com.mx\/index.php?rest_route=\/wp\/v2\/media\/15267"}],"wp:attachment":[{"href":"https:\/\/zonaroja.com.mx\/index.php?rest_route=%2Fwp%2Fv2%2Fmedia&parent=15266"}],"wp:term":[{"taxonomy":"category","embeddable":true,"href":"https:\/\/zonaroja.com.mx\/index.php?rest_route=%2Fwp%2Fv2%2Fcategories&post=15266"},{"taxonomy":"post_tag","embeddable":true,"href":"https:\/\/zonaroja.com.mx\/index.php?rest_route=%2Fwp%2Fv2%2Ftags&post=15266"}],"curies":[{"name":"wp","href":"https:\/\/api.w.org\/{rel}","templated":true}]}}