{"id":15274,"date":"2020-07-20T19:42:07","date_gmt":"2020-07-21T00:42:07","guid":{"rendered":"http:\/\/www.zonaroja.com.mx\/?p=15274"},"modified":"2020-07-20T19:42:10","modified_gmt":"2020-07-21T00:42:10","slug":"impunidad-a-un-mes-de-ataque-armado-y-masacre-de-15-en-san-mateo-del-mar","status":"publish","type":"post","link":"https:\/\/zonaroja.com.mx\/?p=15274","title":{"rendered":"Impunidad, a un mes de ataque armado y masacre de 15 en San Mateo del Mar"},"content":{"rendered":"\n<p>Evlin\nArag\u00f3n\/Zona Roja.<\/p>\n\n\n\n<p>Oaxaca\nde Ju\u00e1rez, Oax., 20 de julio de 2020.- Treinta d\u00edas han pasado desde aquel\nfat\u00eddico domingo en el que 15 ind\u00edgenas ikoots murieron a consecuencia de un\nataque armado ocurrido en San Mateo del Mar, sin que haya informaci\u00f3n con\nrespecto al caso por parte de la Fiscal\u00eda General de Justicia del Estado de\nOaxaca, que a\u00fan no aclara como sucedieron los hechos.<\/p>\n\n\n\n<p>Fue\nel 21 de junio cuando las v\u00edctimas, que habitaban en la localidad de Huazantl\u00e1n\ndel R\u00edo, fueron masacradas, torturadas y quemadas vivas, como se pudo observar\nen im\u00e1genes que se hicieron virales en las redes sociales y medio de\ncomunicaci\u00f3n, tanto a nivel local como nacional e internacional.<\/p>\n\n\n\n<p>Dos\npersonas m\u00e1s presuntamente murieron entre los cerros de esa comunidad del Istmo\nde Tehuantepec, al huir del ataque; sin embargo, la Fiscal\u00eda General del Estado\nha negado que haya esos homicidios.<\/p>\n\n\n\n<p>La\ninstancia a cargo de Rub\u00e9n Vasconcelos M\u00e9ndez asegur\u00f3 que no hall\u00f3 dos de los\ncuerpos que reclamaban las familias, aunque, representantes y autoridades\ntradicionales de San Mateo del Mar reconocieron que fueron 17 v\u00edctimas mortales\npor los hechos.<\/p>\n\n\n\n<p>En\nsendos comunicados se\u00f1alaron directamente a Bernardino Ponce Hinojosa y su\nasesor, constructor y consejero, Jorge Leoncio Arroyo Rodr\u00edguez, quienes\nagredieron con armas de uso exclusivo del Ej\u00e9rcito al pueblo huave de las\nagencias de Huazantl\u00e1n del R\u00edo, Colonia Ju\u00e1rez y Costa Rica.<\/p>\n\n\n\n<p>Hasta el d\u00eda de hoy la Fiscal\u00eda no ha dado a conocer avances en la investigaci\u00f3n, mucho menos ha reconocido la participaci\u00f3n de autoridades municipales en los hechos; el Congreso local tampoco ha anunciado si dar\u00e1 luz verde a la solicitud de desaparici\u00f3n de poderes en la localidad como fue solicitado por autoridades y representantes de la Alcald\u00eda \u00danico Constitucional de San Mateo del Mar.<\/p>\n\n\n\n<figure class=\"wp-block-image\"><img decoding=\"async\" width=\"775\" height=\"470\" src=\"http:\/\/www.zonaroja.com.mx\/wp-content\/uploads\/2020\/07\/Protesta-San-Mateo-del-Mar.jpg\" alt=\"\" class=\"wp-image-15276\" srcset=\"https:\/\/zonaroja.com.mx\/wp-content\/uploads\/2020\/07\/Protesta-San-Mateo-del-Mar.jpg 775w, https:\/\/zonaroja.com.mx\/wp-content\/uploads\/2020\/07\/Protesta-San-Mateo-del-Mar-300x182.jpg 300w, https:\/\/zonaroja.com.mx\/wp-content\/uploads\/2020\/07\/Protesta-San-Mateo-del-Mar-768x466.jpg 768w, https:\/\/zonaroja.com.mx\/wp-content\/uploads\/2020\/07\/Protesta-San-Mateo-del-Mar-585x355.jpg 585w\" sizes=\"(max-width: 775px) 100vw, 775px\" \/><\/figure>\n\n\n\n<p>\u201cLas\nfamilias, hombres, mujeres, ni\u00f1as, ni\u00f1os, ancianas y ancianos vivimos en un\nestado constante de terror, no hay gobernabilidad en nuestro municipio como lo\nhan se\u00f1alado las mismas autoridades, solicitamos al Congreso tome cartas en el\nasunto y se garantice la seguridad de la comunidad\u00bb, indicaron\npreviamente. <\/p>\n\n\n\n<p>Durante\neste 2020 se han registrado por lo menos cuatro ataques armados en contra de la\nmisma poblaci\u00f3n, dos de ellos en el mes de junio que dejo el saldo de 15\npersonas fallecidas y los dos restantes un mes antes, en mayo, con la muerte de\nun poblador m\u00e1s.&nbsp; <\/p>\n\n\n\n<p>Fue\ndesde el 3 de mayo cuando se registr\u00f3 el primer ataque armado de este a\u00f1o que\ndej\u00f3 como saldo veh\u00edculos y viviendas incendiadas, as\u00ed como agresiones f\u00edsicas\na la poblaci\u00f3n; mujeres y ni\u00f1as desplazadas de la agencia hicieron presencia en\nla Defensor\u00eda de los Derechos Humanos del Pueblo de Oaxaca (DDHPO) para\ndenunciar la violencia de g\u00e9nero de la que fueron v\u00edctimas.<\/p>\n\n\n\n<p>Diecinueve\nd\u00edas despu\u00e9s, pobladores de San Mateo del Mar denunciaron nuevos ataques\narmados en instalaciones de la agencia de Huazantl\u00e1n del R\u00edo y en la entrada\ndel municipio, por parte de autoridades del ayuntamiento.<\/p>\n\n\n\n<p>Sin\nembargo, los actos violentos y caciquiles cometidos en la zona datan desde hace\nuna d\u00e9cada, sin que las autoridades estatales y federales contribuyan en la\nsoluci\u00f3n del conflicto que atraviesa por vertientes pol\u00edticas, electorales,\necon\u00f3micas, sociales y de defensa del territorio.<\/p>\n","protected":false},"excerpt":{"rendered":"<p>Evlin Arag\u00f3n\/Zona Roja. Oaxaca de Ju\u00e1rez, Oax., 20 de julio de 2020.- Treinta d\u00edas han&hellip;<\/p>\n","protected":false},"author":2,"featured_media":15275,"comment_status":"closed","ping_status":"open","sticky":false,"template":"","format":"standard","meta":{"_lmt_disableupdate":"","_lmt_disable":"","_jetpack_memberships_contains_paid_content":false,"footnotes":""},"categories":[109,47],"tags":[1656,605],"class_list":["post-15274","post","type-post","status-publish","format-standard","has-post-thumbnail","hentry","category-minuto-a-minuto","category-zona-gris","tag-huazantlan-del-rio","tag-san-mateo-del-mar"],"jetpack_featured_media_url":"https:\/\/zonaroja.com.mx\/wp-content\/uploads\/2020\/07\/San-Mateo-del-Mar1.jpg","jetpack_sharing_enabled":true,"_links":{"self":[{"href":"https:\/\/zonaroja.com.mx\/index.php?rest_route=\/wp\/v2\/posts\/15274","targetHints":{"allow":["GET"]}}],"collection":[{"href":"https:\/\/zonaroja.com.mx\/index.php?rest_route=\/wp\/v2\/posts"}],"about":[{"href":"https:\/\/zonaroja.com.mx\/index.php?rest_route=\/wp\/v2\/types\/post"}],"author":[{"embeddable":true,"href":"https:\/\/zonaroja.com.mx\/index.php?rest_route=\/wp\/v2\/users\/2"}],"replies":[{"embeddable":true,"href":"https:\/\/zonaroja.com.mx\/index.php?rest_route=%2Fwp%2Fv2%2Fcomments&post=15274"}],"version-history":[{"count":1,"href":"https:\/\/zonaroja.com.mx\/index.php?rest_route=\/wp\/v2\/posts\/15274\/revisions"}],"predecessor-version":[{"id":15277,"href":"https:\/\/zonaroja.com.mx\/index.php?rest_route=\/wp\/v2\/posts\/15274\/revisions\/15277"}],"wp:featuredmedia":[{"embeddable":true,"href":"https:\/\/zonaroja.com.mx\/index.php?rest_route=\/wp\/v2\/media\/15275"}],"wp:attachment":[{"href":"https:\/\/zonaroja.com.mx\/index.php?rest_route=%2Fwp%2Fv2%2Fmedia&parent=15274"}],"wp:term":[{"taxonomy":"category","embeddable":true,"href":"https:\/\/zonaroja.com.mx\/index.php?rest_route=%2Fwp%2Fv2%2Fcategories&post=15274"},{"taxonomy":"post_tag","embeddable":true,"href":"https:\/\/zonaroja.com.mx\/index.php?rest_route=%2Fwp%2Fv2%2Ftags&post=15274"}],"curies":[{"name":"wp","href":"https:\/\/api.w.org\/{rel}","templated":true}]}}