{"id":15278,"date":"2020-07-20T20:54:21","date_gmt":"2020-07-21T01:54:21","guid":{"rendered":"http:\/\/www.zonaroja.com.mx\/?p=15278"},"modified":"2020-07-20T20:54:24","modified_gmt":"2020-07-21T01:54:24","slug":"capital-de-oaxaca-insegura-4-agresiones-violentas-y-un-muerto-en-dos-dias","status":"publish","type":"post","link":"https:\/\/zonaroja.com.mx\/?p=15278","title":{"rendered":"Capital de Oaxaca insegura; 4 agresiones violentas y un muerto en dos d\u00edas"},"content":{"rendered":"\n<p>Redacci\u00f3n\/Zona\nRoja.<\/p>\n\n\n\n<p>Oaxaca\nde Ju\u00e1rez, Oax., 19 de julio de 2020.- La capital de Oaxaca es cada vez cada\nvez m\u00e1s violenta. En dos d\u00edas se registraron cinco ataques violentos, en su\nmayor\u00eda en inmediaciones de la Central de Abasto, en los cuales una persona\nperdi\u00f3 la vida.<\/p>\n\n\n\n<p>Ante\nla nula vigilancia por parte de la Polic\u00eda Municipal, s\u00f3lo una persona ha sido\ndetenida, por uno de los hechos registrados.<\/p>\n\n\n\n<p>La\nm\u00e1s reciente agresi\u00f3n ocurri\u00f3 este domingo por la tarde, en que un sujeto,\nidentificado como V\u00edctor J. S., fue atacado a pu\u00f1aladas, justo frente a las\noficinas de la administraci\u00f3n del mercado, donde fue asaltado.<\/p>\n\n\n\n<p>Personal\nparam\u00e9dico del grupo voluntario Bravo Alpha e integrantes de la Cruz Roja\nMexicana brindaron atenci\u00f3n m\u00e9dica prehospitalaria a V\u00edctor, lo trasladaron al\nhospital \u201cDr. Aurelio Valdivieso\u201d, donde reportan su estado de salud como\ndelicado.<\/p>\n\n\n\n<p>Fue\nen ese \u00faltimo hecho en que los polic\u00edas lograron detener a Luis A. M., como\nsupuesto agresor.<\/p>\n\n\n\n<p>El\nmismo d\u00eda pero en la ma\u00f1ana, otro individuo fue apu\u00f1alado a un costado del\nPerif\u00e9rico; tras ser valorado por param\u00e9dicos, perdi\u00f3 la vida. El hombre fue\nidentificado como originario de Monterrey, Nuevo Le\u00f3n, y sus familiares buscan\nla forma de llegar a la entidad a reclamar el cuerpo.<\/p>\n\n\n\n<p>Al\nmediod\u00eda, en el Perif\u00e9rico casi esquina con H\u00fazares, una persona en situaci\u00f3n\nde indigencia muri\u00f3.<\/p>\n\n\n\n<p>El\ns\u00e1bado por la tarde, Cornelio C. O. fue atacado a pu\u00f1aladas cuando esperaba a\nsu esposa en la calle de Las Casas casi esquina con Perif\u00e9rico, en la ciudad\ncapital, <\/p>\n\n\n\n<p>El\nviernes a las 14:00 horas, un hombre identificado como \u201cEl Payaso\u201d, de 30 a\u00f1os\nde edad, fue atacado a pu\u00f1aladas en la zona de la rampa de basura, en la calle\nCosijop\u00ed de la colonia Cosijoeza.<\/p>\n\n\n\n<p>Dos\nhoras m\u00e1s tarde de ese mismo d\u00eda, otra persona, de nombre Agust\u00edn, fue atacado\na pu\u00f1aladas y trasladado a un nosocomio.<\/p>\n\n\n\n<p>En\nvarios casos, los propios comerciantes y pobladores de la Central de Abasto han\nse\u00f1alado a un individuo apodado \u201cEl Vaquero\u201d como quien impone la violencia en\nla zona, pero la autoridad no ha actuado contra \u00e9l.<\/p>\n","protected":false},"excerpt":{"rendered":"<p>Redacci\u00f3n\/Zona Roja. Oaxaca de Ju\u00e1rez, Oax., 19 de julio de 2020.- La capital de Oaxaca&hellip;<\/p>\n","protected":false},"author":2,"featured_media":15279,"comment_status":"closed","ping_status":"open","sticky":false,"template":"","format":"standard","meta":{"_lmt_disableupdate":"","_lmt_disable":"","_jetpack_memberships_contains_paid_content":false,"footnotes":""},"categories":[109,51],"tags":[148],"class_list":["post-15278","post","type-post","status-publish","format-standard","has-post-thumbnail","hentry","category-minuto-a-minuto","category-zona-roja","tag-oaxaca-de-juarez"],"jetpack_featured_media_url":"https:\/\/zonaroja.com.mx\/wp-content\/uploads\/2020\/07\/Asesinato-ciudad-de-Oaxaca-2.jpg","jetpack_sharing_enabled":true,"_links":{"self":[{"href":"https:\/\/zonaroja.com.mx\/index.php?rest_route=\/wp\/v2\/posts\/15278","targetHints":{"allow":["GET"]}}],"collection":[{"href":"https:\/\/zonaroja.com.mx\/index.php?rest_route=\/wp\/v2\/posts"}],"about":[{"href":"https:\/\/zonaroja.com.mx\/index.php?rest_route=\/wp\/v2\/types\/post"}],"author":[{"embeddable":true,"href":"https:\/\/zonaroja.com.mx\/index.php?rest_route=\/wp\/v2\/users\/2"}],"replies":[{"embeddable":true,"href":"https:\/\/zonaroja.com.mx\/index.php?rest_route=%2Fwp%2Fv2%2Fcomments&post=15278"}],"version-history":[{"count":1,"href":"https:\/\/zonaroja.com.mx\/index.php?rest_route=\/wp\/v2\/posts\/15278\/revisions"}],"predecessor-version":[{"id":15280,"href":"https:\/\/zonaroja.com.mx\/index.php?rest_route=\/wp\/v2\/posts\/15278\/revisions\/15280"}],"wp:featuredmedia":[{"embeddable":true,"href":"https:\/\/zonaroja.com.mx\/index.php?rest_route=\/wp\/v2\/media\/15279"}],"wp:attachment":[{"href":"https:\/\/zonaroja.com.mx\/index.php?rest_route=%2Fwp%2Fv2%2Fmedia&parent=15278"}],"wp:term":[{"taxonomy":"category","embeddable":true,"href":"https:\/\/zonaroja.com.mx\/index.php?rest_route=%2Fwp%2Fv2%2Fcategories&post=15278"},{"taxonomy":"post_tag","embeddable":true,"href":"https:\/\/zonaroja.com.mx\/index.php?rest_route=%2Fwp%2Fv2%2Ftags&post=15278"}],"curies":[{"name":"wp","href":"https:\/\/api.w.org\/{rel}","templated":true}]}}