{"id":15281,"date":"2020-07-20T21:15:37","date_gmt":"2020-07-21T02:15:37","guid":{"rendered":"http:\/\/www.zonaroja.com.mx\/?p=15281"},"modified":"2020-07-20T21:38:51","modified_gmt":"2020-07-21T02:38:51","slug":"en-junio-bajan-homicidios-pero-incrementan-feminicidios-en-oaxaca","status":"publish","type":"post","link":"https:\/\/zonaroja.com.mx\/?p=15281","title":{"rendered":"En junio, bajan homicidios, pero incrementan feminicidios en Oaxaca"},"content":{"rendered":"\n<p>Yuridiana\nSosa\/Zona Roja.<\/p>\n\n\n\n<p>Oaxaca\nde Ju\u00e1rez, Oax., 20 de julio de 2020.- Durante junio en Oaxaca ocurrieron 150\npor ciento m\u00e1s feminicidios que los registrados en mayo; escenario igualmente\ndesfavorable a nivel nacional con el aumento del 40.3 por ciento.<\/p>\n\n\n\n<p>As\u00ed\nlo report\u00f3 el Secretariado Ejecutivo del Sistema Nacional de Seguridad P\u00fablica\nen las estad\u00edsticas dadas a conocer hoy, con datos correspondientes al mes de\njunio, en que se muestra una ligera disminuci\u00f3n en la incidencia delictiva a\nnivel general en Oaxaca, respecto al mes anterior.<\/p>\n\n\n\n<p>Sin\nembargo, en el tercer mes de la pandemia por Covid-19 &#8211;en junio, despu\u00e9s de la\ndeclaratoria de la contingencia en marzo&#8211; se present\u00f3 un repunte en\nfeminicidios en Oaxaca; pas\u00f3 de dos casos en mayo a cinco en junio, los mismos\nregistrados que en abril, con una suma total de 18 en lo que va del 2020.<\/p>\n\n\n\n<p>Mientras\nque nivel general, la estad\u00edstica de feminicidios pas\u00f3 de 67 a 94 hechos\nviolentos contra la vida de las mujeres.<\/p>\n\n\n\n<p>En cuanto a la incidencia delictiva, Oaxaca disminuy\u00f3 sus cifras de dos mil 844 hechos en mayo a dos mil 724 en junio, lo que coloc\u00f3 a la entidad entre las cinco del pa\u00eds con un menor registro de asuntos delictivos.<\/p>\n\n\n\n<p>En\nhomicidios tambi\u00e9n present\u00f3 una baja, de 139 casos en mayo a 105 durante el mes\nde junio; mientras que en homicidios dolosos la baja fue de 76 asesinatos a 57,\ncon una suma total de 436 en lo que va del 2020.<\/p>\n","protected":false},"excerpt":{"rendered":"<p>Yuridiana Sosa\/Zona Roja. Oaxaca de Ju\u00e1rez, Oax., 20 de julio de 2020.- Durante junio en&hellip;<\/p>\n","protected":false},"author":2,"featured_media":15282,"comment_status":"closed","ping_status":"open","sticky":false,"template":"","format":"standard","meta":{"_lmt_disableupdate":"","_lmt_disable":"","_jetpack_memberships_contains_paid_content":false,"footnotes":""},"categories":[109,51],"tags":[174],"class_list":["post-15281","post","type-post","status-publish","format-standard","has-post-thumbnail","hentry","category-minuto-a-minuto","category-zona-roja","tag-secretariado-ejecutivo-del-sistema-nacional-de-seguridad-publica"],"jetpack_featured_media_url":"https:\/\/zonaroja.com.mx\/wp-content\/uploads\/2020\/07\/Homicidios-asesinatos.png","jetpack_sharing_enabled":true,"_links":{"self":[{"href":"https:\/\/zonaroja.com.mx\/index.php?rest_route=\/wp\/v2\/posts\/15281","targetHints":{"allow":["GET"]}}],"collection":[{"href":"https:\/\/zonaroja.com.mx\/index.php?rest_route=\/wp\/v2\/posts"}],"about":[{"href":"https:\/\/zonaroja.com.mx\/index.php?rest_route=\/wp\/v2\/types\/post"}],"author":[{"embeddable":true,"href":"https:\/\/zonaroja.com.mx\/index.php?rest_route=\/wp\/v2\/users\/2"}],"replies":[{"embeddable":true,"href":"https:\/\/zonaroja.com.mx\/index.php?rest_route=%2Fwp%2Fv2%2Fcomments&post=15281"}],"version-history":[{"count":2,"href":"https:\/\/zonaroja.com.mx\/index.php?rest_route=\/wp\/v2\/posts\/15281\/revisions"}],"predecessor-version":[{"id":15287,"href":"https:\/\/zonaroja.com.mx\/index.php?rest_route=\/wp\/v2\/posts\/15281\/revisions\/15287"}],"wp:featuredmedia":[{"embeddable":true,"href":"https:\/\/zonaroja.com.mx\/index.php?rest_route=\/wp\/v2\/media\/15282"}],"wp:attachment":[{"href":"https:\/\/zonaroja.com.mx\/index.php?rest_route=%2Fwp%2Fv2%2Fmedia&parent=15281"}],"wp:term":[{"taxonomy":"category","embeddable":true,"href":"https:\/\/zonaroja.com.mx\/index.php?rest_route=%2Fwp%2Fv2%2Fcategories&post=15281"},{"taxonomy":"post_tag","embeddable":true,"href":"https:\/\/zonaroja.com.mx\/index.php?rest_route=%2Fwp%2Fv2%2Ftags&post=15281"}],"curies":[{"name":"wp","href":"https:\/\/api.w.org\/{rel}","templated":true}]}}