{"id":15295,"date":"2020-07-21T08:02:29","date_gmt":"2020-07-21T13:02:29","guid":{"rendered":"http:\/\/www.zonaroja.com.mx\/?p=15295"},"modified":"2020-07-21T08:02:31","modified_gmt":"2020-07-21T13:02:31","slug":"amnistia-internacional-exige-a-gobernador-proteccion-para-consorcio-oaxaca","status":"publish","type":"post","link":"https:\/\/zonaroja.com.mx\/?p=15295","title":{"rendered":"Amnist\u00eda Internacional exige a gobernador protecci\u00f3n para Consorcio Oaxaca"},"content":{"rendered":"\n<p>Yuridiana Sosa\/Zona Roja.<\/p>\n\n\n\n<p>Oaxaca de Ju\u00e1rez, Oax., 21 de julio de\n2020.- Por las amenazas que Consocio para el Di\u00e1logo Parlamentario y la Equidad\nOaxaca recibi\u00f3 en junio, Amnist\u00eda Internacional M\u00e9xico exigi\u00f3 al gobernador\nAlejandro Murat protecci\u00f3n para garantizar la integridad de las mujeres\nintegrantes del grupo.<\/p>\n\n\n\n<p>La organizaci\u00f3n defensora de derechos\nhumanos realiz\u00f3 la petici\u00f3n a trav\u00e9s de una carta, en la que expres\u00f3 su\npreocupaci\u00f3n por los hechos cometidos contra Consorcio Oaxaca, por lo que llam\u00f3\nrealizar las diligencias necesarias para asegurar la vida e integridad f\u00edsica\nde defensoras, tomando en cuenta la perspectiva de g\u00e9nero.<\/p>\n\n\n\n<p>El pasado 15 de junio las defensoras\noaxaque\u00f1as reportaron el hallazgo de una bolsa que conten\u00eda restos de lo que\npodr\u00eda ser la cabeza de un animal y una nota intimidatoria atribuida\npresuntamente un grupo de crimen organizado en la puerta de las instalaciones de\nConsorcio, de lo cual Amnist\u00eda tom\u00f3 conocimiento y concluy\u00f3 que la situaci\u00f3n\nest\u00e1 relacionada a un contexto de exigencia de justicia por el feminicidio de\nla fotoperiodista Mar\u00eda del Sol Cruz Jarqu\u00edn.<\/p>\n\n\n\n<p>\u201cEl nivel de vulnerabilidad en el que\nse encuentran las personas defensoras de Oaxaca es inquietante\u201d, manifest\u00f3 la\norganizaci\u00f3n, quien expuso que Oaxaca es la segunda entidad en M\u00e9xico con mayor\nincremento de situaciones de riesgo en contra de defensoras y defensores.<\/p>\n\n\n\n<p>De enero a mayo de 2020 el \u201cMecanismo para\nla protecci\u00f3n de personas defensoras de derechos humanos y periodistas\u201d\nregistro 128 agresiones contra personas defensoras, de las cuales 52 fueron\nmujeres y una dirigida a una persona transg\u00e9nero.<\/p>\n\n\n\n<p>Oaxaca, puntualiz\u00f3, present\u00f3 un\nincremento de riesgo en el periodo de contingencia por Covid-19. Esto ha\ngenerado que se reporten 13 agresiones en contra de dicha poblaci\u00f3n desde el 16\nde marzo de 2020, cuando se decret\u00f3 la jornada de sana distancia.<\/p>\n\n\n\n<p>Pero, Amnist\u00eda Internacional recalc\u00f3\nque existen riesgos diferenciados entre defensoras de derechos humanos y\naquellas que luchan por los derechos de las mujeres, quienes se enfrentan a\namenazas adicionales que est\u00e1n relacionadas con estereotipos de g\u00e9nero\nhabilidades y las percepciones sociales de las mujeres.<\/p>\n","protected":false},"excerpt":{"rendered":"<p>Yuridiana Sosa\/Zona Roja. Oaxaca de Ju\u00e1rez, Oax., 21 de julio de 2020.- Por las amenazas&hellip;<\/p>\n","protected":false},"author":2,"featured_media":13766,"comment_status":"closed","ping_status":"open","sticky":false,"template":"","format":"standard","meta":{"_lmt_disableupdate":"","_lmt_disable":"","_jetpack_memberships_contains_paid_content":false,"footnotes":""},"categories":[109,47],"tags":[1093],"class_list":["post-15295","post","type-post","status-publish","format-standard","has-post-thumbnail","hentry","category-minuto-a-minuto","category-zona-gris","tag-consorcio-para-el-dialogo-oaxaca"],"jetpack_featured_media_url":"https:\/\/zonaroja.com.mx\/wp-content\/uploads\/2020\/06\/Cabeza-sede-Consorcio.jpg","jetpack_sharing_enabled":true,"_links":{"self":[{"href":"https:\/\/zonaroja.com.mx\/index.php?rest_route=\/wp\/v2\/posts\/15295","targetHints":{"allow":["GET"]}}],"collection":[{"href":"https:\/\/zonaroja.com.mx\/index.php?rest_route=\/wp\/v2\/posts"}],"about":[{"href":"https:\/\/zonaroja.com.mx\/index.php?rest_route=\/wp\/v2\/types\/post"}],"author":[{"embeddable":true,"href":"https:\/\/zonaroja.com.mx\/index.php?rest_route=\/wp\/v2\/users\/2"}],"replies":[{"embeddable":true,"href":"https:\/\/zonaroja.com.mx\/index.php?rest_route=%2Fwp%2Fv2%2Fcomments&post=15295"}],"version-history":[{"count":1,"href":"https:\/\/zonaroja.com.mx\/index.php?rest_route=\/wp\/v2\/posts\/15295\/revisions"}],"predecessor-version":[{"id":15296,"href":"https:\/\/zonaroja.com.mx\/index.php?rest_route=\/wp\/v2\/posts\/15295\/revisions\/15296"}],"wp:featuredmedia":[{"embeddable":true,"href":"https:\/\/zonaroja.com.mx\/index.php?rest_route=\/wp\/v2\/media\/13766"}],"wp:attachment":[{"href":"https:\/\/zonaroja.com.mx\/index.php?rest_route=%2Fwp%2Fv2%2Fmedia&parent=15295"}],"wp:term":[{"taxonomy":"category","embeddable":true,"href":"https:\/\/zonaroja.com.mx\/index.php?rest_route=%2Fwp%2Fv2%2Fcategories&post=15295"},{"taxonomy":"post_tag","embeddable":true,"href":"https:\/\/zonaroja.com.mx\/index.php?rest_route=%2Fwp%2Fv2%2Ftags&post=15295"}],"curies":[{"name":"wp","href":"https:\/\/api.w.org\/{rel}","templated":true}]}}