{"id":15306,"date":"2020-07-21T14:41:29","date_gmt":"2020-07-21T19:41:29","guid":{"rendered":"http:\/\/www.zonaroja.com.mx\/?p=15306"},"modified":"2020-07-21T14:41:33","modified_gmt":"2020-07-21T19:41:33","slug":"huazantlan-que-es-lo-que-espera-el-gobierno-que-nos-maten-a-todos","status":"publish","type":"post","link":"https:\/\/zonaroja.com.mx\/?p=15306","title":{"rendered":"Huazantl\u00e1n: \u201cQu\u00e9 es lo que espera el gobierno, \u00bfqu\u00e9 nos maten a todos?\u201d"},"content":{"rendered":"\n<p>Evlin Arag\u00f3n\/Zona Roja.<\/p>\n\n\n\n<p>Oaxaca de Ju\u00e1rez, Oax., 21 de julio de\n2020.- \u201cA la compa\u00f1era Okass Marissa la agredieron sexualmente, difund\u00edan un\nvideo pornogr\u00e1fico de ella, por lo que tambi\u00e9n denunci\u00f3 y no pas\u00f3 nada. <\/p>\n\n\n\n<p>\u201cNosotras nos inconformaron y un grupo\nde 300 personas nos atacaron, entr\u00f3 la Guardia Nacional pero no pudieron hacer\nnada. Lo que quiero es que las autoridades act\u00faan porque no es justo que a\npesar de poner la demanda en mayo, no haya pasado nada. \u00bfQu\u00e9 espera el gobierno\nque no maten a todos?\u201d.<\/p>\n\n\n\n<p>Eso dice Mar\u00eda del Rosario Guerra\nSalazar, sobreviviente de los hechos y v\u00edctima de la primera agresi\u00f3n suscitada\nen mayo, quien habl\u00f3 tambi\u00e9n a nombre de Okass Marissa, v\u00edctima mortal de los\nhechos.<\/p>\n\n\n\n<p>Arropados por tres organizaciones sociales, este martes, sobrevivientes y familiares de las v\u00edctimas de la masacre perpetrada entre el 21 y el 22 de junio pasado en Huazantl\u00e1n, San Mateo del Mar, dieron una conferencia de prensa para denunciar la nula acci\u00f3n de la Fiscal\u00eda General del Estado, la colusi\u00f3n de funcionarios estatales y municipales, y la participaci\u00f3n de priistas.<\/p>\n\n\n\n<figure class=\"wp-block-embed-twitter wp-block-embed is-type-rich is-provider-twitter\"><div class=\"wp-block-embed__wrapper\">\n<div class=\"twitter-tweet\"><blockquote class=\"twitter-tweet\" data-lang=\"es\"><p lang=\"es\" dir=\"ltr\"><a href=\"https:\/\/twitter.com\/hashtag\/MasacreHuazantl%C3%A1n?src=hash&amp;ref_src=twsrc%5Etfw\">#MasacreHuazantl\u00e1n<\/a><br>(4) Desde el 2 de mayo, no hay ninguna persona detenida; hay unas 60 personas desplazadas de Huazantl\u00e1n, entre ellos unos 15 hu\u00e9rfanos, dicen los representantes; asesinos siguen en la agencia, patrocinados por funcionarios federales y estatales. <a href=\"https:\/\/t.co\/ADvfiboHYV\">pic.twitter.com\/ADvfiboHYV<\/a><\/p>&mdash; Zona Roja Oaxaca (@MexRoja) <a href=\"https:\/\/twitter.com\/MexRoja\/status\/1285655932555452416?ref_src=twsrc%5Etfw\">21 de julio de 2020<\/a><\/blockquote><\/div>\n<\/div><\/figure>\n\n\n\n<p>Quienes tomaron la palabra,\ncoincidieron que a pesar de que previamente, ante la Defensor\u00eda de los Derechos\nHumanos denunciaron las vejaciones sufridas y pidieron medidas cautelares, jam\u00e1s\nles fueron dadas, por lo que iniciaron una protesta que termin\u00f3 en la masacre.<\/p>\n\n\n\n<p>Mar\u00eda del Rosario insisti\u00f3 en la\nactuaci\u00f3n por parte de las autoridades ya que adem\u00e1s de ser v\u00edctimas de los\nhechos violentos, han sido desplazadas de sus viviendas y son v\u00edctimas de\namenazas de muerte. <\/p>\n\n\n\n<p>\u201cA los asesinos los quiero ver detr\u00e1s\nde la c\u00e1rcel\u201d, sentenci\u00f3 a la par que evidenci\u00f3 que las medidas cautelares\nsolicitadas en mayo nunca llegaron.<\/p>\n\n\n\n<p>INVOLUCRAN A ORGANIZACIONES<\/p>\n\n\n\n<p>La conferencia estuvo encabezada por el\ndirigente del Movimiento de Acci\u00f3n Social, con Luis Arturo \u00c1valos Covarrubias a\nla cabeza, y la presencia de representantes de la Uni\u00f3n de Artesanos Oaxaque\u00f1os\nen Lucha (UACOL) y EL Consejo de Organizaciones Ind\u00edgenas de la Regi\u00f3n Loxicha <\/p>\n\n\n\n<p>\u201cNo queremos quedarnos con los brazos cruzados por la muerte de nuestros compa\u00f1eros el 21 de junio, por eso exigimos justicia para que los asesinos priistas que se encuentran en el pueblo de San Mateo del Mar, terminen tras las rejas\u201d, dijo Alejandrino Abasolo Mora.<\/p>\n\n\n\n<figure class=\"wp-block-embed-twitter wp-block-embed is-type-rich is-provider-twitter\"><div class=\"wp-block-embed__wrapper\">\n<div class=\"twitter-tweet\"><blockquote class=\"twitter-tweet\" data-lang=\"es\"><p lang=\"es\" dir=\"ltr\"><a href=\"https:\/\/twitter.com\/hashtag\/MasacreEnHuazantl%C3%A1n?src=hash&amp;ref_src=twsrc%5Etfw\">#MasacreEnHuazantl\u00e1n<\/a><br>(1) Don Alejandrino es uno de los sobrevivientes de la masacre en Huazantl\u00e1n, San Mateo del Mar, y as\u00ed narra los hechos y exige justicia. <a href=\"https:\/\/t.co\/VIWVVV4ja3\">pic.twitter.com\/VIWVVV4ja3<\/a><\/p>&mdash; Zona Roja Oaxaca (@MexRoja) <a href=\"https:\/\/twitter.com\/MexRoja\/status\/1285631290977521665?ref_src=twsrc%5Etfw\">21 de julio de 2020<\/a><\/blockquote><\/div>\n<\/div><\/figure>\n\n\n\n<p>Relat\u00f3 que la violencia, como es sabido\ninici\u00f3 desde el mes de mayo encabezadas por el agente municipal Huazantl\u00e1n del\nR\u00edo, Jos\u00e9 Luis Ch\u00e1vez Salinas, cuando los detuvieron, los maltrataron y los\niban a colgar de un \u00e1rbol en la comunidad, sin embargo, salvaron la vida y\nregresaron a sus viviendas. <\/p>\n\n\n\n<p>Al igual que un grupo de mujeres que\nfueron ultrajadas sexualmente y que denunciaron ante la Defensor\u00eda de los\nDerecho Humanos del Pueblo de Oaxaca.<\/p>\n\n\n\n<p>La omisi\u00f3n de las autoridades, ante las\ndenuncias previas, dio como resultado una protesta pac\u00edfica en la localidad el\n21 de junio, que dio como origin\u00f3 la masacre que dejo tambi\u00e9n 16 personas\ngravemente heridas, 15 ni\u00f1as y ni\u00f1os hu\u00e9rfanos y un aproximado de 60 habitantes\ndesplazados.<\/p>\n\n\n\n<p>\u201cYa hemos demandado ante la Fiscal\u00eda,\nante la CNDH y a un mes de los hechos no est\u00e1n haciendo nada, queremos justicia\npara nuestros compa\u00f1eros, queremos que esos maleantes reciban castigo\u201d, dijo.<\/p>\n\n\n\n<p>Samuel Hurtado Pedroza, con da\u00f1os en la\ngarganta ante una pu\u00f1alada que sufri\u00f3 en el ataque del mes pasado, relat\u00f3 que\nfue su padre el que perdi\u00f3 la vida en la masacre, a quien cruelmente quemaron\nvivo con toda la sa\u00f1a del mundo y sin ning\u00fan tipo de consideraci\u00f3n.<\/p>\n\n\n\n<p>As\u00ed mismo, Agustina Rold\u00e1n Terrazas, hija de Aquino Rold\u00e1n, v\u00edctima mortal del ataque, expuso que lo sucedido hace un mes en la localidad nadie lo pod\u00eda creer, ya que personas originarias de la poblaci\u00f3n mataron a sus propios hermanos, debido a intereses priistas que buscan el dinero y poder.<\/p>\n\n\n\n<figure class=\"wp-block-embed-twitter wp-block-embed is-type-rich is-provider-twitter\"><div class=\"wp-block-embed__wrapper\">\n<div class=\"twitter-tweet\"><blockquote class=\"twitter-tweet\" data-lang=\"es\"><p lang=\"es\" dir=\"ltr\"><a href=\"https:\/\/twitter.com\/hashtag\/MasacreHuazantl%C3%A1n?src=hash&amp;ref_src=twsrc%5Etfw\">#MasacreHuazantl\u00e1n<\/a><br>(3) Ella es Agustina, otra de las v\u00edctimas de la masacre hace un mes. Desde mayo demandaron intervenci\u00f3n de la <a href=\"https:\/\/twitter.com\/DDHPO?ref_src=twsrc%5Etfw\">@DDHPO<\/a> y no la hubo; la <a href=\"https:\/\/twitter.com\/GN_MEXICO_?ref_src=twsrc%5Etfw\">@GN_MEXICO_<\/a> no ayud\u00f3 pese a su presencia en la zona, se\u00f1ala. <a href=\"https:\/\/t.co\/GTjzLy9o1B\">pic.twitter.com\/GTjzLy9o1B<\/a><\/p>&mdash; Zona Roja Oaxaca (@MexRoja) <a href=\"https:\/\/twitter.com\/MexRoja\/status\/1285643071691067394?ref_src=twsrc%5Etfw\">21 de julio de 2020<\/a><\/blockquote><\/div>\n<\/div><\/figure>\n\n\n\n<p>\u201cCuando ellos hicieron eso, tal vez\npensaron que no tendr\u00edan justicia mis hermanos y mi padre, pero nosotros vamos\na seguir luchando, hago un llamado a la CNDH y la Fiscal\u00eda porque veo que no\nest\u00e1n haciendo nada, nosotros hemos ido a declarar y decir lo que paso ese d\u00eda,\nhace un mes de los hechos y no han respuesta, no s\u00e9 que esperan para agarrar a\nlos asesinos\u201d, dijo.<\/p>\n\n\n\n<p>FAMILIAS DESPLAZADAS<\/p>\n\n\n\n<p>As\u00ed mismo dio a conocer que las\nfamilias de las victimas tuvieron que emigrar a otro pueblo, ya que no le\npermiten el acceso a su localidad de origen porque han ido amenazados incluso\nde muerte por el grupo que ha causado el terror en San Mateo del Mar. \u201cNo se me\nhace justo que lo asesinos sigan caminando tranquilamente en el pueblo\u201d.<\/p>\n\n\n\n<p>Todas las v\u00edctimas coincidieron en\ndenunciar la lentitud con la que ha actuado la Fiscal\u00eda General de Justicia del\nEstado, a cargo de Rub\u00e9n Vasconcelos M\u00e9ndez, que a un mes de los hechos no\ncuenta con ning\u00fan tipo de avance pese a que 15 personas fueron asesinadas 16\nm\u00e1s resultaron heridas, 15 ni\u00f1as y ni\u00f1os quedaron hu\u00e9rfanos y 60 personas han sido\ndesplazadas de su hogar.<\/p>\n\n\n\n<p>As\u00ed mismo en los se\u00f1alamientos directos como responsables de los hechos a Jos\u00e9 Luis Ch\u00e1vez Salinas, Laura Fiallo Sandoval, Iv\u00e1n Mateos L\u00f3pez, Camerino D\u00e1valos, quienes dijo act\u00faan en contubernio con agentes estatales de investigaci\u00f3n H\u00e9ctor Federico V\u00e1squez Altamirano y H\u00e9ctor Miguel Torres Cervantes que intimidan y hostigan a sobrevivientes y familiares de las v\u00edctimas para evitar que declaren por los hechos, y son patrocinados por funcionarios federales Adelfo Regino Montes y Anabel L\u00f3pez S\u00e1nchez.<\/p>\n\n\n\n<figure class=\"wp-block-embed-twitter wp-block-embed is-type-rich is-provider-twitter\"><div class=\"wp-block-embed__wrapper\">\n<div class=\"twitter-tweet\"><blockquote class=\"twitter-tweet\" data-lang=\"es\"><p lang=\"es\" dir=\"ltr\"><a href=\"https:\/\/twitter.com\/hashtag\/MasacreHuazantl%C3%A1n?src=hash&amp;ref_src=twsrc%5Etfw\">#MasacreHuazantl\u00e1n<\/a><br>(Y 5) Estos son los nombres de las 15 v\u00edctimas y sobrevivientes de la masacre en Huazantl\u00e1n, que hasta ahora no hayan justicia; tambi\u00e9n dan a conocer en conferencia los nombres de los probables responsables del multihomicidio ocurrido hace un mes. <a href=\"https:\/\/t.co\/laEvUxAQrp\">pic.twitter.com\/laEvUxAQrp<\/a><\/p>&mdash; Zona Roja Oaxaca (@MexRoja) <a href=\"https:\/\/twitter.com\/MexRoja\/status\/1285658155641384960?ref_src=twsrc%5Etfw\">21 de julio de 2020<\/a><\/blockquote><\/div>\n<\/div><\/figure>\n\n\n\n<p>Por lo anterior pidieron la pronta\nintervenci\u00f3n de las autoridades estatales y federales para terminar con la\nviolencia en la zona, que ha sido reducida a un conflicto entre pobladores,\npero va mucho m\u00e1s all\u00e1 con los intereses econ\u00f3micos y pol\u00edticos de por medio.<\/p>\n\n\n\n<p>As\u00ed mismo solicitaran la intervenci\u00f3n de la Comisi\u00f3n Interamericana de los Derecho Humanos y la investigaci\u00f3n a funcionarios estatales y federales que presuntamente esta coludidos en los hechos.  En la conferencia no hubo ning\u00fan se\u00f1alamiento en contra del presidente municipal de San Mateo del Mar, Bernardino Ponce, ni contra su asesor y construcctor Leoncio Arroyo, al que otra parte acusa de ser los promotores de la violencia. <\/p>\n\n\n\n<p>La transmisi\u00f3n completa de la conferencia aqu\u00ed:<\/p>\n\n\n\n<figure class=\"wp-block-embed-facebook wp-block-embed is-type-video is-provider-facebook\"><div class=\"wp-block-embed__wrapper\">\n<div class=\"fb-video\" data-allowfullscreen=\"true\" data-href=\"https:\/\/www.facebook.com\/zonaroja.com.mx\/videos\/268246814473724\/?vh=e&#038;extid=pqNgfoB60uLQaKQi&#038;d=n\" style=\"background-color: #fff; display: inline-block;\"><\/div>\n<\/div><\/figure>\n","protected":false},"excerpt":{"rendered":"<p>Evlin Arag\u00f3n\/Zona Roja. Oaxaca de Ju\u00e1rez, Oax., 21 de julio de 2020.- \u201cA la compa\u00f1era&hellip;<\/p>\n","protected":false},"author":2,"featured_media":15307,"comment_status":"closed","ping_status":"open","sticky":false,"template":"","format":"standard","meta":{"_lmt_disableupdate":"","_lmt_disable":"","_jetpack_memberships_contains_paid_content":false,"footnotes":""},"categories":[109,47],"tags":[1656,605],"class_list":["post-15306","post","type-post","status-publish","format-standard","has-post-thumbnail","hentry","category-minuto-a-minuto","category-zona-gris","tag-huazantlan-del-rio","tag-san-mateo-del-mar"],"jetpack_featured_media_url":"https:\/\/zonaroja.com.mx\/wp-content\/uploads\/2020\/07\/Conferencia-Huazantl\u00e1n.png","jetpack_sharing_enabled":true,"_links":{"self":[{"href":"https:\/\/zonaroja.com.mx\/index.php?rest_route=\/wp\/v2\/posts\/15306","targetHints":{"allow":["GET"]}}],"collection":[{"href":"https:\/\/zonaroja.com.mx\/index.php?rest_route=\/wp\/v2\/posts"}],"about":[{"href":"https:\/\/zonaroja.com.mx\/index.php?rest_route=\/wp\/v2\/types\/post"}],"author":[{"embeddable":true,"href":"https:\/\/zonaroja.com.mx\/index.php?rest_route=\/wp\/v2\/users\/2"}],"replies":[{"embeddable":true,"href":"https:\/\/zonaroja.com.mx\/index.php?rest_route=%2Fwp%2Fv2%2Fcomments&post=15306"}],"version-history":[{"count":1,"href":"https:\/\/zonaroja.com.mx\/index.php?rest_route=\/wp\/v2\/posts\/15306\/revisions"}],"predecessor-version":[{"id":15308,"href":"https:\/\/zonaroja.com.mx\/index.php?rest_route=\/wp\/v2\/posts\/15306\/revisions\/15308"}],"wp:featuredmedia":[{"embeddable":true,"href":"https:\/\/zonaroja.com.mx\/index.php?rest_route=\/wp\/v2\/media\/15307"}],"wp:attachment":[{"href":"https:\/\/zonaroja.com.mx\/index.php?rest_route=%2Fwp%2Fv2%2Fmedia&parent=15306"}],"wp:term":[{"taxonomy":"category","embeddable":true,"href":"https:\/\/zonaroja.com.mx\/index.php?rest_route=%2Fwp%2Fv2%2Fcategories&post=15306"},{"taxonomy":"post_tag","embeddable":true,"href":"https:\/\/zonaroja.com.mx\/index.php?rest_route=%2Fwp%2Fv2%2Ftags&post=15306"}],"curies":[{"name":"wp","href":"https:\/\/api.w.org\/{rel}","templated":true}]}}