{"id":15312,"date":"2020-07-21T15:39:36","date_gmt":"2020-07-21T20:39:36","guid":{"rendered":"http:\/\/www.zonaroja.com.mx\/?p=15312"},"modified":"2020-07-21T15:39:39","modified_gmt":"2020-07-21T20:39:39","slug":"scjn-invalida-ley-de-extincion-de-dominio-de-oaxaca-ya-habia-sido-abrogada","status":"publish","type":"post","link":"https:\/\/zonaroja.com.mx\/?p=15312","title":{"rendered":"SCJN invalida Ley de Extinci\u00f3n de Dominio de Oaxaca; ya hab\u00eda sido abrogada"},"content":{"rendered":"\n<p>Evlin Arag\u00f3n\/Zona Roja.<\/p>\n\n\n\n<p>Oaxaca de Ju\u00e1rez, Oax., 21 de julio de\n2020.- La Suprema Corte de Justicia de la Naci\u00f3n (SCJN) invalid\u00f3 el decreto por\nel que se reform\u00f3 un art\u00edculo de la Ley de Extinci\u00f3n de Dominio para el Estado\nde Oaxaca, por invadir la competencia del Congreso de la Uni\u00f3n para legislar en\nla materia.<\/p>\n\n\n\n<p>Lo anterior en sesi\u00f3n remota realizada\npor el Tribunal Pleno a trav\u00e9s de videoconferencia, en la que refirieron que en\nmarzo del 2019 se facult\u00f3 al Congreso de la Uni\u00f3n para expedir la legislaci\u00f3n\n\u00fanica en materia de extinci\u00f3n de dominio por lo que las entidades federativas dejaron\nde ser competentes para legislar en ese \u00e1mbito.<\/p>\n\n\n\n<p>Por lo anterior, la SCJN invalid\u00f3 el\ndecreto por el que se reform\u00f3 el primer p\u00e1rrafo del art\u00edculo 10 de la Ley de\nExtinci\u00f3n de Dominio para el estado de Oaxaca, en el que se adicionaron\ndiversos delitos por lo que pod\u00eda proceder dicha acci\u00f3n.<\/p>\n\n\n\n<p>La acci\u00f3n de inconstitucionalidad\n103\/2019 fue promovida por la Comisi\u00f3n Nacional de los Derechos Humanos (CNDH),\ndemandando la invalidez del art\u00edculo 10 de la Ley de Extinci\u00f3n de Dominio para\nel Estado de Oaxaca, publicado en el Peri\u00f3dico Oficial de la entidad el 17 d\nagosto dl 2019, mediante Decreto 661.<\/p>\n\n\n\n<p>Al respecto, el presidente de la Junta\nde Coordinaci\u00f3n Pol\u00edtica (Jucopo) en el Congreso de Oaxaca, Horacio Sosa\nVillavicencio, asegur\u00f3 que en d\u00edas pasado el Pleno abrog\u00f3 la Ley de Extinci\u00f3n\nde Dominio para el Estado de Oaxaca, la declaraci\u00f3n la hizo a trav\u00e9s de sus\nredes sociales en donde coincidi\u00f3 con la resoluci\u00f3n de la SCJN.<\/p>\n\n\n\n<p>\u201c@CongresoOaxLXIV abrog\u00f3 en d\u00edas\npasados la Ley de extinci\u00f3n de dominio, en cumplimiento a los art\u00edculos\ntransitorios 2 y 3 de la Ley de Extinci\u00f3n de Dominio para el Estado de #Oaxaca.\nCoincidimos con la resoluci\u00f3n que comunica hoy la @SCJN\u201d, refiri\u00f3.<\/p>\n\n\n\n<p>Fue en enero del 2019 que el pleno del\nCongreso de Oaxaca aprob\u00f3 la Ley de Extinci\u00f3n de Dominio, mediante la cual el\nEstado podr\u00eda quitar bienes a quienes sean acusados y sentenciados por actos de\ncorrupci\u00f3n o actividades il\u00edcitas.<\/p>\n\n\n\n<p>El dictamen fue presentado por la\npresidenta de la Comisi\u00f3n Permanente de Estudios Constitucionales de la 64\nLegislatura, Delfina Elizabeth Guzm\u00e1n D\u00edaz, del Partido Morena, y fue avalado\npor unanimidad, con el voto de los 38 asistentes, de un total de 42 diputados.<\/p>\n","protected":false},"excerpt":{"rendered":"<p>Evlin Arag\u00f3n\/Zona Roja. Oaxaca de Ju\u00e1rez, Oax., 21 de julio de 2020.- La Suprema Corte&hellip;<\/p>\n","protected":false},"author":2,"featured_media":15313,"comment_status":"closed","ping_status":"open","sticky":false,"template":"","format":"standard","meta":{"_lmt_disableupdate":"","_lmt_disable":"","_jetpack_memberships_contains_paid_content":false,"footnotes":""},"categories":[109,47],"tags":[811],"class_list":["post-15312","post","type-post","status-publish","format-standard","has-post-thumbnail","hentry","category-minuto-a-minuto","category-zona-gris","tag-suprema-corte-de-justicia-de-la-nacion"],"jetpack_featured_media_url":"https:\/\/zonaroja.com.mx\/wp-content\/uploads\/2020\/07\/Suprema-Corte-de-Justicia-de-la-Naci\u00f3n.jpg","jetpack_sharing_enabled":true,"_links":{"self":[{"href":"https:\/\/zonaroja.com.mx\/index.php?rest_route=\/wp\/v2\/posts\/15312","targetHints":{"allow":["GET"]}}],"collection":[{"href":"https:\/\/zonaroja.com.mx\/index.php?rest_route=\/wp\/v2\/posts"}],"about":[{"href":"https:\/\/zonaroja.com.mx\/index.php?rest_route=\/wp\/v2\/types\/post"}],"author":[{"embeddable":true,"href":"https:\/\/zonaroja.com.mx\/index.php?rest_route=\/wp\/v2\/users\/2"}],"replies":[{"embeddable":true,"href":"https:\/\/zonaroja.com.mx\/index.php?rest_route=%2Fwp%2Fv2%2Fcomments&post=15312"}],"version-history":[{"count":1,"href":"https:\/\/zonaroja.com.mx\/index.php?rest_route=\/wp\/v2\/posts\/15312\/revisions"}],"predecessor-version":[{"id":15314,"href":"https:\/\/zonaroja.com.mx\/index.php?rest_route=\/wp\/v2\/posts\/15312\/revisions\/15314"}],"wp:featuredmedia":[{"embeddable":true,"href":"https:\/\/zonaroja.com.mx\/index.php?rest_route=\/wp\/v2\/media\/15313"}],"wp:attachment":[{"href":"https:\/\/zonaroja.com.mx\/index.php?rest_route=%2Fwp%2Fv2%2Fmedia&parent=15312"}],"wp:term":[{"taxonomy":"category","embeddable":true,"href":"https:\/\/zonaroja.com.mx\/index.php?rest_route=%2Fwp%2Fv2%2Fcategories&post=15312"},{"taxonomy":"post_tag","embeddable":true,"href":"https:\/\/zonaroja.com.mx\/index.php?rest_route=%2Fwp%2Fv2%2Ftags&post=15312"}],"curies":[{"name":"wp","href":"https:\/\/api.w.org\/{rel}","templated":true}]}}