{"id":15315,"date":"2020-07-21T20:42:21","date_gmt":"2020-07-22T01:42:21","guid":{"rendered":"http:\/\/www.zonaroja.com.mx\/?p=15315"},"modified":"2020-07-21T20:42:25","modified_gmt":"2020-07-22T01:42:25","slug":"atentan-contra-activista-y-dirigente-del-barrio-de-xochimilco-de-oaxaca","status":"publish","type":"post","link":"https:\/\/zonaroja.com.mx\/?p=15315","title":{"rendered":"Atentan contra activista y dirigente del barrio de Xochimilco de Oaxaca"},"content":{"rendered":"\n<p>Yuridiana Sosa\/Zona Roja.<\/p>\n\n\n\n<p>Oaxaca de Ju\u00e1rez, Oax., 21 de julio de\n2020.- Mientras caminaba por una de las principales calles del barrio de\nXochimilco en la capital de Oaxaca, fue atacada con un arma blanca la dirigente\ndel Comit\u00e9 de Vida Vecinal (Comvive) de este asentamiento hist\u00f3rico, Elizabeth\nCruz Gonz\u00e1lez.<\/p>\n\n\n\n<p>Los representantes del comit\u00e9\ndenunciaron que se trat\u00f3 de un atentado a su vida, el cual est\u00e1 relacionado con\nsu activismo, pues descartaron un asalto.<\/p>\n\n\n\n<p>Vecinos testigos de los hechos\nindicaron que la dirigente del Comvive fue atacada por la espalda luego de\nsalir de una tienda de abarrotes en la calle de Gilberto Bola\u00f1os Cacho, a dos\ncuadras del hospital del IMSS de la capital.<\/p>\n\n\n\n<p>Arnoldo D\u00e1maso, compa\u00f1ero de la v\u00edctima, se\u00f1al\u00f3 que el atacante huy\u00f3 del lugar cuando los vecinos trataron de auxiliar a la mujer, por lo que exigi\u00f3 a la Fiscal\u00eda General del Estado comenzar de forma inmediata con las investigaciones.<\/p>\n\n\n\n<figure class=\"wp-block-embed-twitter wp-block-embed is-type-rich is-provider-twitter\"><div class=\"wp-block-embed__wrapper\">\n<div class=\"twitter-tweet\"><blockquote class=\"twitter-tweet\" data-lang=\"es\"><p lang=\"es\" dir=\"ltr\"><a href=\"https:\/\/twitter.com\/hashtag\/ENVIVO?src=hash&amp;ref_src=twsrc%5Etfw\">#ENVIVO<\/a><br>Oaxaca de Ju\u00e1rez, Oax., 21 de julio de 2020.- Atentan contra la dirigente del Comit\u00e9 de Vida Vecinal del Barrio de Xochimilco, Elizabeth Cruz Gonz\u00e1lez. <br><br>Aqu\u00ed la transmisi\u00f3n: \ud83d\udc47<a href=\"https:\/\/t.co\/XOZbqnnlwf\">https:\/\/t.co\/XOZbqnnlwf<\/a> <a href=\"https:\/\/t.co\/yo4wcCZqr6\">pic.twitter.com\/yo4wcCZqr6<\/a><\/p>&mdash; Zona Roja Oaxaca (@MexRoja) <a href=\"https:\/\/twitter.com\/MexRoja\/status\/1285732435137830916?ref_src=twsrc%5Etfw\">22 de julio de 2020<\/a><\/blockquote><\/div>\n<\/div><\/figure>\n\n\n\n<p>El agresor, de acuerdo a los vecinos, descendi\u00f3 de un veh\u00edculo modelo Aveo, marca Chevrolet, color azul y placas B21-BBR de la Ciudad de M\u00e9xico, el cual qued\u00f3 abandonado en el barrio de Xochimilco, frente al sitio donde la activista fue atacada.<\/p>\n\n\n\n<p>Los integrantes del Comvive han mantenido una f\u00e9rrea defensa de la zona hist\u00f3rica, en donde se han querido instalar tiendas trasnacionales, incluso ya con autorizaci\u00f3n del ayuntamiento de Oaxaca de Ju\u00e1rez.<\/p>\n\n\n\n<p>Al lugar arribaron elementos de la\nPolic\u00eda Estatal, mientras que la dirigente del Comit\u00e9 fue enviada para su\nadecuada atenci\u00f3n m\u00e9dica. Una hora m\u00e1s tarde arribaron dos elementos de la\nAgencia Estatal de Investigaciones, mientras que personal de la Polic\u00eda\nMunicipal se retiraron despu\u00e9s de verificar el hecho, sin acordonar el \u00e1rea y\nsin realizar patrullajes de b\u00fasqueda.<\/p>\n\n\n\n<p>En una semana, la capital oaxaque\u00f1a\nacumula diversos hechos de violencia, que incluyen el asesinato de una persona\nen la Central de Abasto.<\/p>\n","protected":false},"excerpt":{"rendered":"<p>Yuridiana Sosa\/Zona Roja. Oaxaca de Ju\u00e1rez, Oax., 21 de julio de 2020.- Mientras caminaba por&hellip;<\/p>\n","protected":false},"author":2,"featured_media":15316,"comment_status":"closed","ping_status":"open","sticky":false,"template":"","format":"standard","meta":{"_lmt_disableupdate":"","_lmt_disable":"","_jetpack_memberships_contains_paid_content":false,"footnotes":""},"categories":[109,51],"tags":[1849],"class_list":["post-15315","post","type-post","status-publish","format-standard","has-post-thumbnail","hentry","category-minuto-a-minuto","category-zona-roja","tag-barrio-de-xochimilco-oaxaca"],"jetpack_featured_media_url":"https:\/\/zonaroja.com.mx\/wp-content\/uploads\/2020\/07\/Comvive-Xochimilco.jpg","jetpack_sharing_enabled":true,"_links":{"self":[{"href":"https:\/\/zonaroja.com.mx\/index.php?rest_route=\/wp\/v2\/posts\/15315","targetHints":{"allow":["GET"]}}],"collection":[{"href":"https:\/\/zonaroja.com.mx\/index.php?rest_route=\/wp\/v2\/posts"}],"about":[{"href":"https:\/\/zonaroja.com.mx\/index.php?rest_route=\/wp\/v2\/types\/post"}],"author":[{"embeddable":true,"href":"https:\/\/zonaroja.com.mx\/index.php?rest_route=\/wp\/v2\/users\/2"}],"replies":[{"embeddable":true,"href":"https:\/\/zonaroja.com.mx\/index.php?rest_route=%2Fwp%2Fv2%2Fcomments&post=15315"}],"version-history":[{"count":1,"href":"https:\/\/zonaroja.com.mx\/index.php?rest_route=\/wp\/v2\/posts\/15315\/revisions"}],"predecessor-version":[{"id":15317,"href":"https:\/\/zonaroja.com.mx\/index.php?rest_route=\/wp\/v2\/posts\/15315\/revisions\/15317"}],"wp:featuredmedia":[{"embeddable":true,"href":"https:\/\/zonaroja.com.mx\/index.php?rest_route=\/wp\/v2\/media\/15316"}],"wp:attachment":[{"href":"https:\/\/zonaroja.com.mx\/index.php?rest_route=%2Fwp%2Fv2%2Fmedia&parent=15315"}],"wp:term":[{"taxonomy":"category","embeddable":true,"href":"https:\/\/zonaroja.com.mx\/index.php?rest_route=%2Fwp%2Fv2%2Fcategories&post=15315"},{"taxonomy":"post_tag","embeddable":true,"href":"https:\/\/zonaroja.com.mx\/index.php?rest_route=%2Fwp%2Fv2%2Ftags&post=15315"}],"curies":[{"name":"wp","href":"https:\/\/api.w.org\/{rel}","templated":true}]}}