{"id":15318,"date":"2020-07-21T21:18:49","date_gmt":"2020-07-22T02:18:49","guid":{"rendered":"http:\/\/www.zonaroja.com.mx\/?p=15318"},"modified":"2020-07-21T21:18:53","modified_gmt":"2020-07-22T02:18:53","slug":"seccion-22-de-cnte-insiste-en-abrogar-decreto-de-2015-sobre-el-ieepo","status":"publish","type":"post","link":"https:\/\/zonaroja.com.mx\/?p=15318","title":{"rendered":"Secci\u00f3n 22 de CNTE insiste en abrogar decreto de 2015 sobre el IEEPO"},"content":{"rendered":"\n<p>Yuridiana Sosa\/Zona Roja.<\/p>\n\n\n\n<p>Oaxaca de Ju\u00e1rez, Oax., 21 de julio de\n2020.- A cinco a\u00f1os de la firma del decreto en el que el gobierno de Oaxaca\ndevolvi\u00f3 a la federaci\u00f3n el control de la educaci\u00f3n, la Secci\u00f3n 22 del\nSindicato Nacional de Trabajadores de la Educaci\u00f3n (SNTE) exigi\u00f3 al gobierno de\nAndr\u00e9s Manuel L\u00f3pez Obrador echar abajo esa ley.<\/p>\n\n\n\n<p>La gremial se\u00f1al\u00f3 que en el transcurso\nde 2015 a 2020 los gobiernos demostraron una \u201cfalsa rector\u00eda de la educaci\u00f3n\u201d,\nen la que no existieron avances en Oaxaca y s\u00f3lo se aplicaron gastos excesivos.<\/p>\n\n\n\n<p>El 21 de julio de 2015, el entonces\ngobernador Gabino Cu\u00e9 Monteagudo anunci\u00f3 la modificaci\u00f3n de la estructura del\nInstituto Estatal de Educaci\u00f3n P\u00fablica de Oaxaca (IEEPO) en la que deja afuera\nla participaci\u00f3n de la Secci\u00f3n 22 del SNTE en las decisiones; lo cual estuvo\nrelacionado a la Ley General de Educaci\u00f3n y la Ley General de Servicio\nProfesional Docente.<\/p>\n\n\n\n<p>La Secci\u00f3n 22 exigi\u00f3 al gobierno de la Cuarta\nTransformaci\u00f3n dejar inactivo ese decreto y reconocer adem\u00e1s la alternativa del\nPlan para la Transformaci\u00f3n de la Educaci\u00f3n de Oaxaca (PTEO) que hasta el\nmomento sigue detenida.<\/p>\n\n\n\n<p>El SNTE en Oaxaca tambi\u00e9n reclam\u00f3 a\nL\u00f3pez Obrador que a dos a\u00f1os de su gobierno a\u00fan no existe justicia por los\nhechos violentos en Nochixtl\u00e1n, por los presos pol\u00edticos; las carencias en\nmateria educativa, entre estas la contrataci\u00f3n de maestros y personal de apoyo\nadministrativo, entre otras.<\/p>\n","protected":false},"excerpt":{"rendered":"<p>Yuridiana Sosa\/Zona Roja. Oaxaca de Ju\u00e1rez, Oax., 21 de julio de 2020.- A cinco a\u00f1os&hellip;<\/p>\n","protected":false},"author":2,"featured_media":7411,"comment_status":"closed","ping_status":"open","sticky":false,"template":"","format":"standard","meta":{"_lmt_disableupdate":"","_lmt_disable":"","_jetpack_memberships_contains_paid_content":false,"footnotes":""},"categories":[109,47],"tags":[312],"class_list":["post-15318","post","type-post","status-publish","format-standard","has-post-thumbnail","hentry","category-minuto-a-minuto","category-zona-gris","tag-seccion-22-del-snte"],"jetpack_featured_media_url":"https:\/\/zonaroja.com.mx\/wp-content\/uploads\/2020\/01\/IEEPO-2.jpg","jetpack_sharing_enabled":true,"_links":{"self":[{"href":"https:\/\/zonaroja.com.mx\/index.php?rest_route=\/wp\/v2\/posts\/15318","targetHints":{"allow":["GET"]}}],"collection":[{"href":"https:\/\/zonaroja.com.mx\/index.php?rest_route=\/wp\/v2\/posts"}],"about":[{"href":"https:\/\/zonaroja.com.mx\/index.php?rest_route=\/wp\/v2\/types\/post"}],"author":[{"embeddable":true,"href":"https:\/\/zonaroja.com.mx\/index.php?rest_route=\/wp\/v2\/users\/2"}],"replies":[{"embeddable":true,"href":"https:\/\/zonaroja.com.mx\/index.php?rest_route=%2Fwp%2Fv2%2Fcomments&post=15318"}],"version-history":[{"count":1,"href":"https:\/\/zonaroja.com.mx\/index.php?rest_route=\/wp\/v2\/posts\/15318\/revisions"}],"predecessor-version":[{"id":15319,"href":"https:\/\/zonaroja.com.mx\/index.php?rest_route=\/wp\/v2\/posts\/15318\/revisions\/15319"}],"wp:featuredmedia":[{"embeddable":true,"href":"https:\/\/zonaroja.com.mx\/index.php?rest_route=\/wp\/v2\/media\/7411"}],"wp:attachment":[{"href":"https:\/\/zonaroja.com.mx\/index.php?rest_route=%2Fwp%2Fv2%2Fmedia&parent=15318"}],"wp:term":[{"taxonomy":"category","embeddable":true,"href":"https:\/\/zonaroja.com.mx\/index.php?rest_route=%2Fwp%2Fv2%2Fcategories&post=15318"},{"taxonomy":"post_tag","embeddable":true,"href":"https:\/\/zonaroja.com.mx\/index.php?rest_route=%2Fwp%2Fv2%2Ftags&post=15318"}],"curies":[{"name":"wp","href":"https:\/\/api.w.org\/{rel}","templated":true}]}}