{"id":15320,"date":"2020-07-21T21:39:23","date_gmt":"2020-07-22T02:39:23","guid":{"rendered":"http:\/\/www.zonaroja.com.mx\/?p=15320"},"modified":"2020-07-21T21:39:25","modified_gmt":"2020-07-22T02:39:25","slug":"asegura-sspo-que-va-a-la-baja-incidencia-delictiva-en-oaxaca","status":"publish","type":"post","link":"https:\/\/zonaroja.com.mx\/?p=15320","title":{"rendered":"Asegura SSPO que va a la baja incidencia delictiva en Oaxaca"},"content":{"rendered":"\n<p>Redacci\u00f3n\/Zona Roja.<\/p>\n\n\n\n<p>Oaxaca de Ju\u00e1rez, Oax. 21 de julio de\n2020.- De acuerdo con datos del Secretariado Ejecutivo del Sistema Nacional de\nSeguridad P\u00fablica (SESNSP), en junio de este a\u00f1o el estado de Oaxaca registr\u00f3\nuna disminuci\u00f3n del 4.2% en la incidencia delictiva del fuero com\u00fan en\ncomparaci\u00f3n con el mes anterior.<\/p>\n\n\n\n<p>Asimismo, en el segundo trimestre del\na\u00f1o se registr\u00f3 una disminuci\u00f3n del 25% en este mismo indicador en comparaci\u00f3n\ncon el primer trimestre de 2020, report\u00f3 en un comunicado de prensa.<\/p>\n\n\n\n<p>Destaca el delito de homicidio doloso,\nque registr\u00f3 una disminuci\u00f3n del 25% entre mayo y junio y, del 10% entre el\nprimer y segundo trimestre del a\u00f1o. Otros delitos como robo a casa habitaci\u00f3n,\nrobo de veh\u00edculos, narcomenudeo y violencia familiar tambi\u00e9n registraron\ndisminuciones.<\/p>\n\n\n\n<p>Comparados el primer semestre del 2019\ncon el mismo periodo de 2020, la incidencia delictiva en Oaxaca ha decrecido un\n9.8%.<\/p>\n\n\n\n<p>La disminuci\u00f3n en la incidencia\ndelictiva en el estado de Oaxaca contrasta con el aumento del 16.4% registrado\na nivel nacional en el mes de junio.<\/p>\n\n\n\n<p>A prop\u00f3sito de estos datos, la\nSecretar\u00eda de Seguridad P\u00fablica de Oaxaca (SSPO), inform\u00f3 que estos resultados\nson muestra del trabajo coordinado con los tres \u00f3rdenes de gobierno, que ha\npermitido implementar estrategias m\u00e1s efectivas en beneficio de la seguridad de\nlas familias oaxaque\u00f1as.<\/p>\n\n\n\n<p>Cabe recordar que el pasado 16 de julio\nlos gobernadores de Veracruz, Cuitl\u00e1huac Garc\u00eda, y de Oaxaca, Alejandro Murat,\nse reunieron para revisar los avances de la Mesa Biestatal de Coordinaci\u00f3n en\nmateria de seguridad. <\/p>\n\n\n\n<p>En dicho encuentro se reportaron\nimportantes disminuciones en la incidencia delictiva registrada en la regi\u00f3n de\nla Cuenca del Papaloapan.<\/p>\n","protected":false},"excerpt":{"rendered":"<p>Redacci\u00f3n\/Zona Roja. Oaxaca de Ju\u00e1rez, Oax. 21 de julio de 2020.- De acuerdo con datos&hellip;<\/p>\n","protected":false},"author":2,"featured_media":15321,"comment_status":"closed","ping_status":"open","sticky":false,"template":"","format":"standard","meta":{"_lmt_disableupdate":"","_lmt_disable":"","_jetpack_memberships_contains_paid_content":false,"footnotes":""},"categories":[109,46],"tags":[175],"class_list":["post-15320","post","type-post","status-publish","format-standard","has-post-thumbnail","hentry","category-minuto-a-minuto","category-zona-blanca","tag-secretaria-de-seguridad-publica-de-oaxaca"],"jetpack_featured_media_url":"https:\/\/zonaroja.com.mx\/wp-content\/uploads\/2020\/07\/Polic\u00eda-Estatal-Oaxaca-2.jpg","jetpack_sharing_enabled":true,"_links":{"self":[{"href":"https:\/\/zonaroja.com.mx\/index.php?rest_route=\/wp\/v2\/posts\/15320","targetHints":{"allow":["GET"]}}],"collection":[{"href":"https:\/\/zonaroja.com.mx\/index.php?rest_route=\/wp\/v2\/posts"}],"about":[{"href":"https:\/\/zonaroja.com.mx\/index.php?rest_route=\/wp\/v2\/types\/post"}],"author":[{"embeddable":true,"href":"https:\/\/zonaroja.com.mx\/index.php?rest_route=\/wp\/v2\/users\/2"}],"replies":[{"embeddable":true,"href":"https:\/\/zonaroja.com.mx\/index.php?rest_route=%2Fwp%2Fv2%2Fcomments&post=15320"}],"version-history":[{"count":1,"href":"https:\/\/zonaroja.com.mx\/index.php?rest_route=\/wp\/v2\/posts\/15320\/revisions"}],"predecessor-version":[{"id":15322,"href":"https:\/\/zonaroja.com.mx\/index.php?rest_route=\/wp\/v2\/posts\/15320\/revisions\/15322"}],"wp:featuredmedia":[{"embeddable":true,"href":"https:\/\/zonaroja.com.mx\/index.php?rest_route=\/wp\/v2\/media\/15321"}],"wp:attachment":[{"href":"https:\/\/zonaroja.com.mx\/index.php?rest_route=%2Fwp%2Fv2%2Fmedia&parent=15320"}],"wp:term":[{"taxonomy":"category","embeddable":true,"href":"https:\/\/zonaroja.com.mx\/index.php?rest_route=%2Fwp%2Fv2%2Fcategories&post=15320"},{"taxonomy":"post_tag","embeddable":true,"href":"https:\/\/zonaroja.com.mx\/index.php?rest_route=%2Fwp%2Fv2%2Ftags&post=15320"}],"curies":[{"name":"wp","href":"https:\/\/api.w.org\/{rel}","templated":true}]}}