{"id":15326,"date":"2020-07-22T07:52:09","date_gmt":"2020-07-22T12:52:09","guid":{"rendered":"http:\/\/www.zonaroja.com.mx\/?p=15326"},"modified":"2020-07-22T07:52:12","modified_gmt":"2020-07-22T12:52:12","slug":"rebasa-mexico-40-mil-muertes-gobierno-se-equivoco-en-nueva-normalidad","status":"publish","type":"post","link":"https:\/\/zonaroja.com.mx\/?p=15326","title":{"rendered":"Rebasa M\u00e9xico 40 mil muertes; gobierno se equivoc\u00f3 en \u201cnueva normalidad\u201d"},"content":{"rendered":"\n<p>Redacci\u00f3n\/Zona\nRoja Cdmx.<\/p>\n\n\n\n<p>Ciudad de\nM\u00e9xico, 22 de julio de 2020.- Al corte informativo de este martes 21 de julio, la\nSecretar\u00eda de Salud federal inform\u00f3 que M\u00e9xico suma 356 mil 255 casos\nconfirmados a causa de Covid-19 y 40 mil 400 muertes.<\/p>\n\n\n\n<p>De acuerdo\ncon el informe t\u00e9cnico, se estima que haya 395 mil 510 casos y que exista un\n12% m\u00e1s de casos estimados con 48 mil 446. En comparaci\u00f3n con el d\u00eda anterior,\neste martes se reportaron 915 muertes y seis mil 859 casos confirmados en las\n\u00faltimas 24 horas.<\/p>\n\n\n\n<p>En tanto, el\ndiario \u201cMilenio\u201d revel\u00f3 que establecer el sistema del sem\u00e1foro de riesgo\nepidemiol\u00f3gico, que marc\u00f3 el inicio de la llamada \u201cNueva Normalidad\u201d el 1 de\njunio, fue aprobado con base en estimaciones equivocadas sobre la evoluci\u00f3n de\nla pandemia y sin que se incluyeran las obligaciones para la ciudadan\u00eda con\ncada color del sem\u00e1foro. <\/p>\n\n\n\n<p>La tarde del\n12 de mayo, el Consejo de Salubridad General se reuni\u00f3 para determinar la\naprobaci\u00f3n del modelo con el que se reactivar\u00edan la econom\u00eda y las actividades\nciudadanas, tras la Jornada Nacional de Sana Distancia. <\/p>\n\n\n\n<p>En la minuta\nde la reuni\u00f3n, la cual \u201cMilenio\u201d obtuvo a trav\u00e9s del Sistema Nacional de\nTransparencia, se evidencia que al presentar el modelo para la \u201cNueva\nNormalidad\u201d, la secretaria de Econom\u00eda, Graciela M\u00e1rquez Col\u00edn, mostr\u00f3 una\ngr\u00e1fica con una perspectiva de contagios demasiado optimista. <\/p>\n\n\n\n<p>La gr\u00e1fica\ntitulada \u00abSistema para el reinicio de actividades\u00bb muestra c\u00f3mo se\ninstauraron las fases de la epidemia conforme avanzaba el n\u00famero de casos de Covid-19\nen M\u00e9xico, con base en un supuesto pico de contagios a mediados de mayo, y un\nsupuesto descenso de contagios a finales de ese mes, cuando iniciar\u00eda la\napertura de los \u00abmunicipios de la esperanza\u00bb. <\/p>\n\n\n\n<p>Para la\nentrada en vigor del sistema de sem\u00e1foro por regiones se perfilaba una supuesta\nestabilizaci\u00f3n a la baja en los contagios a partir del 1 de junio y una meseta\ncontinua, con un menor n\u00famero de casos a los de la etapa m\u00e1s \u00e1lgida de la\nepidemia de julio en adelante. Sin embargo, los casos de Covid-19 contin\u00faan al\nalza en el pa\u00eds e incluso varias entidades tuvieron que regresar el pasado\nlunes al sem\u00e1foro rojo, una vez que hab\u00edan transitado al sem\u00e1foro naranja.<\/p>\n","protected":false},"excerpt":{"rendered":"<p>Redacci\u00f3n\/Zona Roja Cdmx. Ciudad de M\u00e9xico, 22 de julio de 2020.- Al corte informativo de&hellip;<\/p>\n","protected":false},"author":2,"featured_media":15327,"comment_status":"closed","ping_status":"open","sticky":false,"template":"","format":"standard","meta":{"_lmt_disableupdate":"","_lmt_disable":"","_jetpack_memberships_contains_paid_content":false,"footnotes":""},"categories":[109,47],"tags":[1328],"class_list":["post-15326","post","type-post","status-publish","format-standard","has-post-thumbnail","hentry","category-minuto-a-minuto","category-zona-gris","tag-coronavirus-mexico"],"jetpack_featured_media_url":"https:\/\/zonaroja.com.mx\/wp-content\/uploads\/2020\/07\/filtroCiudad-Judicial.jpg","jetpack_sharing_enabled":true,"_links":{"self":[{"href":"https:\/\/zonaroja.com.mx\/index.php?rest_route=\/wp\/v2\/posts\/15326","targetHints":{"allow":["GET"]}}],"collection":[{"href":"https:\/\/zonaroja.com.mx\/index.php?rest_route=\/wp\/v2\/posts"}],"about":[{"href":"https:\/\/zonaroja.com.mx\/index.php?rest_route=\/wp\/v2\/types\/post"}],"author":[{"embeddable":true,"href":"https:\/\/zonaroja.com.mx\/index.php?rest_route=\/wp\/v2\/users\/2"}],"replies":[{"embeddable":true,"href":"https:\/\/zonaroja.com.mx\/index.php?rest_route=%2Fwp%2Fv2%2Fcomments&post=15326"}],"version-history":[{"count":1,"href":"https:\/\/zonaroja.com.mx\/index.php?rest_route=\/wp\/v2\/posts\/15326\/revisions"}],"predecessor-version":[{"id":15328,"href":"https:\/\/zonaroja.com.mx\/index.php?rest_route=\/wp\/v2\/posts\/15326\/revisions\/15328"}],"wp:featuredmedia":[{"embeddable":true,"href":"https:\/\/zonaroja.com.mx\/index.php?rest_route=\/wp\/v2\/media\/15327"}],"wp:attachment":[{"href":"https:\/\/zonaroja.com.mx\/index.php?rest_route=%2Fwp%2Fv2%2Fmedia&parent=15326"}],"wp:term":[{"taxonomy":"category","embeddable":true,"href":"https:\/\/zonaroja.com.mx\/index.php?rest_route=%2Fwp%2Fv2%2Fcategories&post=15326"},{"taxonomy":"post_tag","embeddable":true,"href":"https:\/\/zonaroja.com.mx\/index.php?rest_route=%2Fwp%2Fv2%2Ftags&post=15326"}],"curies":[{"name":"wp","href":"https:\/\/api.w.org\/{rel}","templated":true}]}}