{"id":15329,"date":"2020-07-23T07:58:41","date_gmt":"2020-07-23T12:58:41","guid":{"rendered":"http:\/\/www.zonaroja.com.mx\/?p=15329"},"modified":"2020-07-22T18:59:03","modified_gmt":"2020-07-22T23:59:03","slug":"tortura-la-cifra-negra-de-la-omision-impunidad-y-complicidad-en-oaxaca","status":"publish","type":"post","link":"https:\/\/zonaroja.com.mx\/?p=15329","title":{"rendered":"Tortura, la cifra negra de la omisi\u00f3n, impunidad y complicidad en Oaxaca"},"content":{"rendered":"\n<p>Redacci\u00f3n\/Estado\n20<\/p>\n\n\n\n<p>Oaxaca de Ju\u00e1rez, Oax., 23 de julio de 2020.- Las pr\u00e1cticas ilegales y los abusos policiacos documentados en la entidad han disparado el nivel de impunidad y la tasa de no denuncia de delitos en Oaxaca, seg\u00fan el \u00cdndice Global de Impunidad en M\u00e9xico (IGI) 2016.<\/p>\n\n\n\n<p>De acuerdo\ncon aquella medici\u00f3n, la desconfianza hacia los \u00f3rganos impartidores de\njusticia incide en la revictimizaci\u00f3n de las personas que han vivido graves\nviolaciones a sus derechos humanos, puesto que sus demandas no son atendidas y\nlos culpables no son castigados por sus cr\u00edmenes.<\/p>\n\n\n\n<p>El IGI 2016\nindic\u00f3 que mientras en el pa\u00eds s\u00f3lo se denuncian siete de cada 100 delitos, en\nel caso particular de Oaxaca, el grado de impunidad con respecto al resto de\nlas entidades federales es m\u00e1s alta, con 71.63 por ciento de casos sin castigo,\nal tiempo que la cifra negra es de 93.3 por ciento.<\/p>\n\n\n\n<p>Seg\u00fan\norganizaciones de derechos humanos, \u201cen nuestro pa\u00eds el abuso polic\u00edaco abarca\ndistintas formas de comportamiento por parte de los servidores encargados de\npreservar la seguridad, desde uso excesivo o brutal de la fuerza, detenciones\narbitrarias e ilegales, extorsi\u00f3n y corrupci\u00f3n, hasta pr\u00e1cticas de\ndiscriminaci\u00f3n, como lo son las detenciones o revisiones a sujetos, con base a\ncriterios raciales, \u00e9tnicos, pol\u00edticos, econ\u00f3micos o de g\u00e9nero\u201d.<\/p>\n\n\n\n<p>En Oaxaca\nlos casos de abusos policiacos no son aislados y la tortura est\u00e1 presente en\nmuchos de ellos. En los \u00faltimos meses han quedado en evidencia las fallas\nestructurales que los cuerpos de seguridad en el estado mantienen.<\/p>\n\n\n\n<p>En uno de\nlos \u00faltimos casos, el nueve de junio alrededor de las 22:30 horas, Alexander\nG\u00f3mez de 19 a\u00f1os circulaba a bordo de una motocicleta en compa\u00f1\u00eda de otros\nj\u00f3venes sobre la carretera El Amate-Acatl\u00e1n de P\u00e9rez Figueroa, en el tramo\ncarretero Vicente Camalote, cuando la patrulla 023 de la polic\u00eda municipal de\nAcatl\u00e1n, que circulaba en sentido contrario con las luces apagadas, les cerr\u00f3\nel paso.<\/p>\n\n\n\n<p>De la cabina\ntrasera de la patrulla descendi\u00f3 el polic\u00eda municipal S. R. R., quien portaba\nuna escopeta y realiz\u00f3 un disparo contra el adolescente, priv\u00e1ndolo de la vida.\nCarlos, que viajaba junto con la v\u00edctima, result\u00f3 lesionado al derrapar de su\nmotocicleta al tratar de proteger su integridad.<\/p>\n\n\n\n<p>En uno m\u00e1s,\nel pasado 6 de mayo, un mes antes, los j\u00f3venes Diego y Jaziel Luna Paz, de 20 y\n19 a\u00f1os respectivamente, fueron perseguidos por un grupo de pobladores en San\nPedro Huitzo, que pretend\u00edan lincharlos tras ser se\u00f1alados del robo de una\nbicicleta.<\/p>\n\n\n\n<p>Los j\u00f3venes\nfueron aprehendidos por polic\u00edas municipales quienes en vez de trasladarlos a\nlas instalaciones de la Fiscal\u00eda General del Estado de Oaxaca (FGEO), fueron\nentregados a varios sujetos que los torturaron y golpearon caus\u00e1ndole la muerte\na Diego.<\/p>\n\n\n\n<p>Y el pasado 3\nde mayo, Salvador L. V., de 30 a\u00f1os de edad, fue detenido por polic\u00edas\nmunicipales en El Espinal, Oaxaca, tras una denuncia por violencia dom\u00e9stica.<\/p>\n\n\n\n<p>Horas m\u00e1s\ntarde las autoridades oficializaron la muerte de Salvador informando que \u00e9ste\nse encontraba detenido cuando se quit\u00f3 la vida al interior de la celda municipal\nutilizando su propia playera; sin embargo, la familia declar\u00f3 que cuando el\njoven fue detenido no utilizaba playera por lo que no cre\u00eda en la versi\u00f3n de la\npolic\u00eda, toda vez que argumentaron que cuando una persona es detenida \u201cse le\nobliga a quitarse los zapatos, el cintur\u00f3n, la playera o cualquier prenda que\npueda ayudarle a atentar contra su persona\u201d.<\/p>\n\n\n\n<p>El caso de\nSalvador es muy parecido al de Miguel \u00c1ngel Cruz Z\u00e1rate, de 31 a\u00f1os de edad,\nquien muri\u00f3 el pasado 24 de abril en el interior del penal municipal de Mat\u00edas\nRomero, tambi\u00e9n en la regi\u00f3n del Istmo de Tehuantepec, por un presunto\nahorcamiento.<\/p>\n\n\n\n<p>No obstante,\nla familia de la v\u00edctima refiere que al recibir el cuerpo se percataron de que\n\u00e9ste presentaba diversas contusiones y no ten\u00eda se\u00f1ales de estrangulamiento.<\/p>\n\n\n\n<p>En Oaxaca el\nexcesivo uso de la fuerza por parte de los cuerpos polic\u00edacos durante custodia\nno es nuevo.<\/p>\n\n\n\n<p>El 5 de\nAbril 2017, el defensor de derechos humanos y presidente suplente de la Uni\u00f3n\nde las Comunidades de la Zona Norte del Istmo (Ucizoni), Benjam\u00edn Ju\u00e1rez Jos\u00e9,\nfue hallado muerto en la c\u00e1rcel de Mat\u00edas Romero. La madrugada del 13 de marzo,\nel l\u00edder ind\u00edgena fue detenido y enviado a la c\u00e1rcel por la polic\u00eda mientras\nestaba denunciando acciones irregulares por parte del gobierno. El d\u00eda de su\nmuerte, Benjam\u00edn fue duramente golpeado por los agentes de la polic\u00eda, revel\u00f3\nsu autopsia.<\/p>\n\n\n\n<p>Ese mismo\na\u00f1o, en agosto, Zeferino Soriano Morales, de 35 a\u00f1os, fue detenido por ingerir\nbebidas alcoh\u00f3licas en la v\u00eda p\u00fablica y asesinado mas tarde en c\u00e1rcel municipal\nde Santa Lucia del Camino.<\/p>\n\n\n\n<p>Los\nfamiliares sostienen que su caso fue una ejecuci\u00f3n extrajudicial que cometi\u00f3 en\nsu contra la polic\u00eda y elementos de la Agencia Estatal de Investigaciones\n(AEI). La versi\u00f3n oficial aseguraba que el joven hab\u00eda muerto de un paro\ncardiaco pero la autopsia revel\u00f3 que el cuerpo presentaba contusiones,\nestallamiento de vaso y hemorragia interna. Zeferino fue golpeado hasta morir,\nsostienen los familiares.<\/p>\n\n\n\n<p>\u201cEn Codigo DH\nconocimos de la detenci\u00f3n arbitraria y posterior asesinato de Salvador Olmos\nGarc\u00eda de 32 a\u00f1os, otro caso de brutalidad a manos de la fuerza p\u00fablica\u201d. <\/p>\n\n\n\n<p>El 26 de\njunio de 2016, en el contexto de la represi\u00f3n por parte del estado el 19 de\njunio en Nochixtl\u00e1n, Viguera y Hacienda Blanca, Salvador acude a un llamado de\nla Escuela Normal, para defender la radio comunitaria. <\/p>\n\n\n\n<p>La polic\u00eda\nde Huajuapan de Le\u00f3n lo detiene en el trayecto alrededor del medio d\u00eda,\nacus\u00e1ndolo de haber realizado una pinta en un espacio p\u00fablico. Seg\u00fan testigos,\nno fue presentado ante el ministerio p\u00fablico, y refieren haber visto a Salvador\ncorriendo descalzo y una patrulla detr\u00e1s de \u00e9l, despu\u00e9s de unos metros, la\npatrulla lo arrolla. <\/p>\n\n\n\n<p>Los\npolic\u00edas, al percatarse de la mirada de los vecinos, intentan aparentar un\naccidente, llaman a la ambulancia y lo trasladan al hospital alrededor de las\ncuatro de la tarde.<\/p>\n\n\n\n<p>La familia\nde Salvador asegura que \u00e9ste presentaba claras muestras de tortura en todo el\ncuerpo. Su caso sigue impune. Un polic\u00eda acusado fue detenido y puesto en\nlibertad pocos meses despu\u00e9s.<\/p>\n\n\n\n<p>Los casos de\n19 personas detenidas por Polic\u00eda Federal y entregados a la polic\u00eda estatal en\nel \u2018Operativo Oaxaca\u2019 desarrollado en Nochixtl\u00e1n y otros puntos, el 19 de junio\nde 2016.<\/p>\n\n\n\n<p>Ante estas\nsituaciones que se han venido repitiendo, \u2018urgimos la investigaci\u00f3n y sanci\u00f3n\nde los servidores p\u00fablicos acusados de tortura; la capacitaci\u00f3n en materia de\ndocumentaci\u00f3n, investigaci\u00f3n y resguardo de evidencias, registro y todos\naquellos temas necesarios para el cumplimiento de sus funciones asignadas;\ncapacitaci\u00f3n sobre la Ley General para Prevenir, Investigar y Sancionar la\nTortura (LGPIST) en el estado a los directores, personal de seguridad y\ncustodios, agentes estatales de investigaci\u00f3n y personal de salud de los\ncentros penitenciarios; as\u00ed como el monitoreo de las instituciones p\u00fablicas de\nderechos humanos (CNDH, MNPT, DDHPO) a los directores y personal de seguridad\ncon mayor n\u00famero de quejas con el objetivo de resolver sanciones y evitar\nabusos\u2019, expone la organizaci\u00f3n en su documento.<\/p>\n","protected":false},"excerpt":{"rendered":"<p>Redacci\u00f3n\/Estado 20 Oaxaca de Ju\u00e1rez, Oax., 23 de julio de 2020.- Las pr\u00e1cticas ilegales y&hellip;<\/p>\n","protected":false},"author":2,"featured_media":7593,"comment_status":"closed","ping_status":"open","sticky":false,"template":"","format":"standard","meta":{"_lmt_disableupdate":"","_lmt_disable":"","_jetpack_memberships_contains_paid_content":false,"footnotes":""},"categories":[109,51],"tags":[1850],"class_list":["post-15329","post","type-post","status-publish","format-standard","has-post-thumbnail","hentry","category-minuto-a-minuto","category-zona-roja","tag-tortura-en-oaxaca"],"jetpack_featured_media_url":"https:\/\/zonaroja.com.mx\/wp-content\/uploads\/2020\/01\/tortura.jpg","jetpack_sharing_enabled":true,"_links":{"self":[{"href":"https:\/\/zonaroja.com.mx\/index.php?rest_route=\/wp\/v2\/posts\/15329","targetHints":{"allow":["GET"]}}],"collection":[{"href":"https:\/\/zonaroja.com.mx\/index.php?rest_route=\/wp\/v2\/posts"}],"about":[{"href":"https:\/\/zonaroja.com.mx\/index.php?rest_route=\/wp\/v2\/types\/post"}],"author":[{"embeddable":true,"href":"https:\/\/zonaroja.com.mx\/index.php?rest_route=\/wp\/v2\/users\/2"}],"replies":[{"embeddable":true,"href":"https:\/\/zonaroja.com.mx\/index.php?rest_route=%2Fwp%2Fv2%2Fcomments&post=15329"}],"version-history":[{"count":2,"href":"https:\/\/zonaroja.com.mx\/index.php?rest_route=\/wp\/v2\/posts\/15329\/revisions"}],"predecessor-version":[{"id":15361,"href":"https:\/\/zonaroja.com.mx\/index.php?rest_route=\/wp\/v2\/posts\/15329\/revisions\/15361"}],"wp:featuredmedia":[{"embeddable":true,"href":"https:\/\/zonaroja.com.mx\/index.php?rest_route=\/wp\/v2\/media\/7593"}],"wp:attachment":[{"href":"https:\/\/zonaroja.com.mx\/index.php?rest_route=%2Fwp%2Fv2%2Fmedia&parent=15329"}],"wp:term":[{"taxonomy":"category","embeddable":true,"href":"https:\/\/zonaroja.com.mx\/index.php?rest_route=%2Fwp%2Fv2%2Fcategories&post=15329"},{"taxonomy":"post_tag","embeddable":true,"href":"https:\/\/zonaroja.com.mx\/index.php?rest_route=%2Fwp%2Fv2%2Ftags&post=15329"}],"curies":[{"name":"wp","href":"https:\/\/api.w.org\/{rel}","templated":true}]}}