{"id":15336,"date":"2020-07-22T10:22:25","date_gmt":"2020-07-22T15:22:25","guid":{"rendered":"http:\/\/www.zonaroja.com.mx\/?p=15336"},"modified":"2020-07-22T10:22:29","modified_gmt":"2020-07-22T15:22:29","slug":"enesimo-feminicidio-en-oaxaca-ahora-en-pinotepa-nacional","status":"publish","type":"post","link":"https:\/\/zonaroja.com.mx\/?p=15336","title":{"rendered":"En\u00e9simo feminicidio en Oaxaca, ahora en Pinotepa Nacional"},"content":{"rendered":"\n<p>Redacci\u00f3n\/Zona\nRoja.<\/p>\n\n\n\n<p>Oaxaca de\nJu\u00e1rez, Oax., 22 de julio de 2020.- Una mujer fue asesinada a balazos este\nmi\u00e9rcoles por la ma\u00f1ana, en Santiago Pinotepa Nacional, municipio de la regi\u00f3n\nCosta de Oaxaca, colindante con el estado de Guerrero.<\/p>\n\n\n\n<p>Los hechos\nsucedieron cerca del plantel Colegio de Bachilleres de Oaxaca (Cobao), plantel\n03, donde qued\u00f3 el cuerpo de la joven a media calle, quien vest\u00eda sandalias\ncolor dorado, un pantal\u00f3n azul marino y una blusa morada.<\/p>\n\n\n\n<p>Hasta el\nmomento se desconocen las causas del feminicidio as\u00ed como el o los probables\nautores que dispararon en contra de la mujer.<\/p>\n\n\n\n<p>VINCULADO A\nPROCESO<\/p>\n\n\n\n<p>Por otra\nparte, el ayuntamiento de Mazatl\u00e1n Villa de Flores confirm\u00f3 la detenci\u00f3n ayer\nde Francisco R. Z. M., como probable responsable del asesinato de Evelin M. V.,\nocurrido el 18 de julio pasado en la localidad de Piedra Ancha, municipio de\nMazatl\u00e1n Villa de Flores, en la regi\u00f3n Ca\u00f1ada.<\/p>\n\n\n\n<p>A su vez, la\nFiscal\u00eda General del Estado inform\u00f3 que de acuerdo con la carpeta de\ninvestigaci\u00f3n 21963\/FNSC\/HUAUTLA\/2020, el 18 de julio de 2020, aproximadamente\na las 17:00 horas, el probable responsable priv\u00f3 de la vida con un objeto punzocortante\na la v\u00edctima, cuando se encontraba en el interior del negocio denominado\n\u201cGalactak Comunicaciones\u201d, ubicado en la poblaci\u00f3n referida.<\/p>\n\n\n\n<p>En\naudiencia, el probable responsable solicit\u00f3 ampliaci\u00f3n del t\u00e9rmino\nconstitucional, mismo que fenece el 26 de julio de 2020, quedando en prisi\u00f3n\npreventiva de manera provisional.<\/p>\n","protected":false},"excerpt":{"rendered":"<p>Redacci\u00f3n\/Zona Roja. Oaxaca de Ju\u00e1rez, Oax., 22 de julio de 2020.- Una mujer fue asesinada&hellip;<\/p>\n","protected":false},"author":2,"featured_media":15337,"comment_status":"closed","ping_status":"open","sticky":false,"template":"","format":"standard","meta":{"_lmt_disableupdate":"","_lmt_disable":"","_jetpack_memberships_contains_paid_content":false,"footnotes":""},"categories":[109,51],"tags":[610],"class_list":["post-15336","post","type-post","status-publish","format-standard","has-post-thumbnail","hentry","category-minuto-a-minuto","category-zona-roja","tag-feminicidios-oaxaca"],"jetpack_featured_media_url":"https:\/\/zonaroja.com.mx\/wp-content\/uploads\/2020\/07\/Femincidio-Pinotepa.jpg","jetpack_sharing_enabled":true,"_links":{"self":[{"href":"https:\/\/zonaroja.com.mx\/index.php?rest_route=\/wp\/v2\/posts\/15336","targetHints":{"allow":["GET"]}}],"collection":[{"href":"https:\/\/zonaroja.com.mx\/index.php?rest_route=\/wp\/v2\/posts"}],"about":[{"href":"https:\/\/zonaroja.com.mx\/index.php?rest_route=\/wp\/v2\/types\/post"}],"author":[{"embeddable":true,"href":"https:\/\/zonaroja.com.mx\/index.php?rest_route=\/wp\/v2\/users\/2"}],"replies":[{"embeddable":true,"href":"https:\/\/zonaroja.com.mx\/index.php?rest_route=%2Fwp%2Fv2%2Fcomments&post=15336"}],"version-history":[{"count":1,"href":"https:\/\/zonaroja.com.mx\/index.php?rest_route=\/wp\/v2\/posts\/15336\/revisions"}],"predecessor-version":[{"id":15338,"href":"https:\/\/zonaroja.com.mx\/index.php?rest_route=\/wp\/v2\/posts\/15336\/revisions\/15338"}],"wp:featuredmedia":[{"embeddable":true,"href":"https:\/\/zonaroja.com.mx\/index.php?rest_route=\/wp\/v2\/media\/15337"}],"wp:attachment":[{"href":"https:\/\/zonaroja.com.mx\/index.php?rest_route=%2Fwp%2Fv2%2Fmedia&parent=15336"}],"wp:term":[{"taxonomy":"category","embeddable":true,"href":"https:\/\/zonaroja.com.mx\/index.php?rest_route=%2Fwp%2Fv2%2Fcategories&post=15336"},{"taxonomy":"post_tag","embeddable":true,"href":"https:\/\/zonaroja.com.mx\/index.php?rest_route=%2Fwp%2Fv2%2Ftags&post=15336"}],"curies":[{"name":"wp","href":"https:\/\/api.w.org\/{rel}","templated":true}]}}