{"id":15339,"date":"2020-07-22T10:32:18","date_gmt":"2020-07-22T15:32:18","guid":{"rendered":"http:\/\/www.zonaroja.com.mx\/?p=15339"},"modified":"2020-07-22T10:32:21","modified_gmt":"2020-07-22T15:32:21","slug":"preven-que-presencia-de-covid-19-se-extienda-hasta-septiembre-en-oaxaca","status":"publish","type":"post","link":"https:\/\/zonaroja.com.mx\/?p=15339","title":{"rendered":"Prev\u00e9n que presencia de Covid-19 se extienda hasta septiembre en Oaxaca"},"content":{"rendered":"\n<p>Evlin Arag\u00f3n\/Zona\nRoja.<\/p>\n\n\n\n<p>Oaxaca de\nJu\u00e1rez, Oax., 22 de julio de 2020.- La pandemia por Covid-19 podr\u00eda extenderse\ndos meses m\u00e1s en territorio mexicano y en Oaxaca podr\u00eda reducir el n\u00famero de\ncontagios a partir del 25 de septiembre, de acuerdo con estimaciones del\nConsejo Nacional de Ciencia y Tecnolog\u00eda (Conacyt) obtenidas a partir de los\ndatos proporcionados por el Gobierno Federal.<\/p>\n\n\n\n<p>Las\nestimaciones, publicadas en el portal del Gobierno de M\u00e9xico y con corte el 15\nde julio, refieren que la entidad oaxaque\u00f1a se encuentra en pleno apogeo en el\nn\u00famero de contagios y ser\u00e1 hasta finales del mes de septiembre que conseguir\u00e1\nbajar las cifras y estabilizar la situaci\u00f3n en la entidad.<\/p>\n\n\n\n<p>As\u00ed mismo, exponen\nque en Oaxaca aumento dram\u00e1ticamente su movilidad a finales de junio y\nprincipios de julio, lo que pudo provocar el pico de contagios que se vive en\nestos momentos.<\/p>\n\n\n\n<p>La demanda\nhospitalaria en cuidados intensivo tambi\u00e9n se encuentra en su punto m\u00e1ximo\ndurante este mes de julio, la cual bajar\u00eda conforme a la reducci\u00f3n del n\u00famero\nde contagios que se proyecta para el mes de septiembre.<\/p>\n\n\n\n<p>Dicha\nestimaci\u00f3n fue realizada a partir del modelo Gompertz, elaborado por Rogelio\nRamos, Domingo Iv\u00e1n Rodr\u00edguez y Graciela Gonz\u00e1lez del CIMAT-CONACYT, que cuenta\ncon la flexibilidad de proyectar regiones en diferentes etapas de la pandemia,\nadem\u00e1s de ser adaptable al permitir incorporar intervenciones.<\/p>\n\n\n\n<p>De acuerdo\ncon la propia definici\u00f3n de la comunidad cient\u00edfica, este sigue la din\u00e1mica de\nsu ecuaci\u00f3n diferencial correspondiente, por lo que fue tomado como un modelo\nemp\u00edrico con propiedades afines al comportamiento de una epidemia y que puede\nser consultado en la p\u00e1gina https:\/\/coronavirus.conacyt.mx\/visualizaciones\/estatales\/Visualizaciones\nEstatales | CONACYT<\/p>\n\n\n\n<p>El\nEcosistema Nacional Inform\u00e1tico ofrece informaci\u00f3n relevante para comprender,\nanalizar y responder mejor a la pandemia de Covid19.<\/p>\n\n\n\n<p>coronavirus.conacyt.mx<\/p>\n\n\n\n<p>Con corte de\neste martes 21 de julio la entidad oaxaque\u00f1a, se contabilizaron 157 nuevos\npositivos, que suman ocho mil 949 casos confirmados acumulados y 838\ndefunciones; siendo las regiones de Valles Centrales, Cuenca e Istmo las que\nregistran el mayor n\u00famero.<\/p>\n\n\n\n<p>Los\nmunicipios con nuevos casos son: Oaxaca de Ju\u00e1rez, Salina Cruz, Santa Lucia del\nCamino, Santa Cruz Xoxocotl\u00e1n, Santo Domingo Tehuantepec, Santa Mar\u00eda Atzompa,\nSan Antonio de la Cal, Vila de Zaachila y San Sebasti\u00e1n Tutla.<\/p>\n","protected":false},"excerpt":{"rendered":"<p>Evlin Arag\u00f3n\/Zona Roja. Oaxaca de Ju\u00e1rez, Oax., 22 de julio de 2020.- La pandemia por&hellip;<\/p>\n","protected":false},"author":2,"featured_media":15340,"comment_status":"closed","ping_status":"open","sticky":false,"template":"","format":"standard","meta":{"_lmt_disableupdate":"","_lmt_disable":"","_jetpack_memberships_contains_paid_content":false,"footnotes":""},"categories":[109,47],"tags":[1512],"class_list":["post-15339","post","type-post","status-publish","format-standard","has-post-thumbnail","hentry","category-minuto-a-minuto","category-zona-gris","tag-coronavirus-oaxaca"],"jetpack_featured_media_url":"https:\/\/zonaroja.com.mx\/wp-content\/uploads\/2020\/07\/Covid-prevenci\u00f3n.jpg","jetpack_sharing_enabled":true,"_links":{"self":[{"href":"https:\/\/zonaroja.com.mx\/index.php?rest_route=\/wp\/v2\/posts\/15339","targetHints":{"allow":["GET"]}}],"collection":[{"href":"https:\/\/zonaroja.com.mx\/index.php?rest_route=\/wp\/v2\/posts"}],"about":[{"href":"https:\/\/zonaroja.com.mx\/index.php?rest_route=\/wp\/v2\/types\/post"}],"author":[{"embeddable":true,"href":"https:\/\/zonaroja.com.mx\/index.php?rest_route=\/wp\/v2\/users\/2"}],"replies":[{"embeddable":true,"href":"https:\/\/zonaroja.com.mx\/index.php?rest_route=%2Fwp%2Fv2%2Fcomments&post=15339"}],"version-history":[{"count":1,"href":"https:\/\/zonaroja.com.mx\/index.php?rest_route=\/wp\/v2\/posts\/15339\/revisions"}],"predecessor-version":[{"id":15341,"href":"https:\/\/zonaroja.com.mx\/index.php?rest_route=\/wp\/v2\/posts\/15339\/revisions\/15341"}],"wp:featuredmedia":[{"embeddable":true,"href":"https:\/\/zonaroja.com.mx\/index.php?rest_route=\/wp\/v2\/media\/15340"}],"wp:attachment":[{"href":"https:\/\/zonaroja.com.mx\/index.php?rest_route=%2Fwp%2Fv2%2Fmedia&parent=15339"}],"wp:term":[{"taxonomy":"category","embeddable":true,"href":"https:\/\/zonaroja.com.mx\/index.php?rest_route=%2Fwp%2Fv2%2Fcategories&post=15339"},{"taxonomy":"post_tag","embeddable":true,"href":"https:\/\/zonaroja.com.mx\/index.php?rest_route=%2Fwp%2Fv2%2Ftags&post=15339"}],"curies":[{"name":"wp","href":"https:\/\/api.w.org\/{rel}","templated":true}]}}