{"id":15343,"date":"2020-07-22T12:12:13","date_gmt":"2020-07-22T17:12:13","guid":{"rendered":"https:\/\/www.zonaroja.com.mx\/?p=15343"},"modified":"2020-07-22T12:12:16","modified_gmt":"2020-07-22T17:12:16","slug":"por-disputas-entre-narcomenudistas-cuatro-ejecutados-en-ocotlan-oaxaca","status":"publish","type":"post","link":"https:\/\/zonaroja.com.mx\/?p=15343","title":{"rendered":"Por disputas entre narcomenudistas, cuatro ejecutados en Ocotl\u00e1n, Oaxaca"},"content":{"rendered":"\n<p class=\"MsoNormal\">Redacci\u00f3n \/ Zona Roja.<\/p>\n\n\n\n<p class=\"MsoNormal\">Oaxaca de Ju\u00e1rez, Oax., 22 de julio de 2020.- &nbsp;Por disputas entre presuntos narcomenudistas y delincuentes, cuatro personas, entre ellas una mujer, fueron ejecutadas esta ma\u00f1ana en&nbsp;Ocotl\u00e1n de Morelos, en la regi\u00f3n de Valles Centrales de Oaxaca.<\/p>\n\n\n\n<p class=\"MsoNormal\">El reporte preliminar de la autoridad policial indic\u00f3 que cerca&nbsp;<a href=\"\/\/1\">de las 10:20<\/a>&nbsp;horas se constat\u00f3 de la ejecuci\u00f3n en inmediaciones a de la universidad Nova Universitas; se localizaron dos cuerpos en el interior de un taller el\u00e9ctrico denominado \u00abLuis\u00bb y otro sin vida la carretera federal 175 hacia la Costa.<\/p>\n\n\n\n<p class=\"MsoNormal\">Un cuerpo m\u00e1s se hall\u00f3 sobre el pavimento a un costado de una camioneta blanco con placas de circulaci\u00f3n T53AZB de la Ciudad de M\u00e9xico, marca Ford, color blanco, la cual se encontr\u00f3 en un arroyo cercano a la zona.<\/p>\n\n\n\n<p class=\"MsoNormal\">De acuerdo con el informe reporte, la poblaci\u00f3n pidi\u00f3 auxilio a las corporaciones policiales por el supuesto registro de una persona atropellada, que se encontraba sobre la vialidad.<\/p>\n\n\n\n<p class=\"MsoNormal\">Al lugar arrib\u00f3 una docena de elementos de las distintas corporaciones policiales, tanto de la Polic\u00eda Municipal, Vial del Estado y de la Agencia Estatal de Investigaciones (AEI).<\/p>\n\n\n\n<p class=\"MsoNormal\">Seg\u00fan los primeros informes de la autoridad ministerial, el multihomicidio se registr\u00f3 entre dos grupos delictivos debido a la disputa en el narcomenudeo; adem\u00e1s, son bandas dedicadas al robo de veh\u00edculos y mercanc\u00edas en el valle de Ocotl\u00e1n y de Zimatl\u00e1n, as\u00ed como en la Sierra Norte. <\/p>\n","protected":false},"excerpt":{"rendered":"<p>Redacci\u00f3n \/ Zona Roja. Oaxaca de Ju\u00e1rez, Oax., 22 de julio de 2020.- &nbsp;Por disputas&hellip;<\/p>\n","protected":false},"author":2,"featured_media":15342,"comment_status":"closed","ping_status":"open","sticky":false,"template":"","format":"standard","meta":{"_lmt_disableupdate":"","_lmt_disable":"","_jetpack_memberships_contains_paid_content":false,"footnotes":""},"categories":[109,47],"tags":[835],"class_list":["post-15343","post","type-post","status-publish","format-standard","has-post-thumbnail","hentry","category-minuto-a-minuto","category-zona-gris","tag-ocotlan-de-morelos"],"jetpack_featured_media_url":"https:\/\/zonaroja.com.mx\/wp-content\/uploads\/2020\/07\/a38e0a76-f07b-4504-b13d-5181daae7cb5.jpg","jetpack_sharing_enabled":true,"_links":{"self":[{"href":"https:\/\/zonaroja.com.mx\/index.php?rest_route=\/wp\/v2\/posts\/15343","targetHints":{"allow":["GET"]}}],"collection":[{"href":"https:\/\/zonaroja.com.mx\/index.php?rest_route=\/wp\/v2\/posts"}],"about":[{"href":"https:\/\/zonaroja.com.mx\/index.php?rest_route=\/wp\/v2\/types\/post"}],"author":[{"embeddable":true,"href":"https:\/\/zonaroja.com.mx\/index.php?rest_route=\/wp\/v2\/users\/2"}],"replies":[{"embeddable":true,"href":"https:\/\/zonaroja.com.mx\/index.php?rest_route=%2Fwp%2Fv2%2Fcomments&post=15343"}],"version-history":[{"count":1,"href":"https:\/\/zonaroja.com.mx\/index.php?rest_route=\/wp\/v2\/posts\/15343\/revisions"}],"predecessor-version":[{"id":15344,"href":"https:\/\/zonaroja.com.mx\/index.php?rest_route=\/wp\/v2\/posts\/15343\/revisions\/15344"}],"wp:featuredmedia":[{"embeddable":true,"href":"https:\/\/zonaroja.com.mx\/index.php?rest_route=\/wp\/v2\/media\/15342"}],"wp:attachment":[{"href":"https:\/\/zonaroja.com.mx\/index.php?rest_route=%2Fwp%2Fv2%2Fmedia&parent=15343"}],"wp:term":[{"taxonomy":"category","embeddable":true,"href":"https:\/\/zonaroja.com.mx\/index.php?rest_route=%2Fwp%2Fv2%2Fcategories&post=15343"},{"taxonomy":"post_tag","embeddable":true,"href":"https:\/\/zonaroja.com.mx\/index.php?rest_route=%2Fwp%2Fv2%2Ftags&post=15343"}],"curies":[{"name":"wp","href":"https:\/\/api.w.org\/{rel}","templated":true}]}}