{"id":15347,"date":"2020-07-22T13:38:42","date_gmt":"2020-07-22T18:38:42","guid":{"rendered":"https:\/\/www.zonaroja.com.mx\/?p=15347"},"modified":"2020-07-22T13:40:03","modified_gmt":"2020-07-22T18:40:03","slug":"renuncian-consejeras-honorarias-del-imm-acusan-a-edil-de-oaxaca-de-abuso-de-poder-y-violencia-de-genero","status":"publish","type":"post","link":"https:\/\/zonaroja.com.mx\/?p=15347","title":{"rendered":"Renuncian consejeras honorarias del IMM; acusan a edil de Oaxaca de abuso de poder y violencia de g\u00e9nero"},"content":{"rendered":"\n<p>Redacci\u00f3n\/Zona Roja.&nbsp;<\/p>\n\n\n\n<p>Oaxaca de Ju\u00e1rez, Oax., 22 de julio de 2020.- &nbsp;A casi dos meses del despido injustificado y la denuncia de violencia pol\u00edtica realizada por Jaquelina Escamilla Villanueva, ex titular del Instituto Municipal de las Mujeres de Oaxaca de Ju\u00e1rez, las integrantes del Consejo Consultivo del Instituto Municipal de la Mujer y del Consejo Municipal para la Prevenci\u00f3n, Atenci\u00f3n, Sanci\u00f3n y Erradicaci\u00f3n de la Violencia de G\u00e9nero, renunciaron a su cargo honor\u00edfico vigente.<\/p>\n\n\n\n<p>Lo anterior, al no ser escuchadas ni consideradas por la autoridad municipal encabezada por el presidente municipal de Oaxaca de Ju\u00e1rez, Oswaldo Garc\u00eda Jarqu\u00edn, quien es se\u00f1alado directamente de ejercer violencia pol\u00edtica y de g\u00e9nero en contra de la ex funcionaria y de ejercer el poder de forma violenta sin considerar a las consejeras.<\/p>\n\n\n\n<p>En una conferencia virtual, explicaron que el edil no tom\u00f3 en cuenta la voz de las consejeras, como parte de las atribuciones concedida por el marco jur\u00eddico base de la conformaci\u00f3n de ambos consejos, al momento de realizar el despido injustificado y mucho menos en las decisiones posteriores, pese a que estas solicitaron dos audiencias luego de sucedidos los hechos, por lo que es evidente que no existe el inter\u00e9s de Garc\u00eda Jarqu\u00edn en atender la voz de la sociedad civil.&nbsp;<\/p>\n\n\n\n<p>\u201cEn diferentes ocasiones hemos sido convocadas para ser escuchadas en todo lo relacionado con la prevenci\u00f3n, atenci\u00f3n y erradicaci\u00f3n de la violencia contra las mujeres en el municipio\u2026Sin embargo en relaci\u00f3n a la destituci\u00f3n de Jaquelina Escamilla Villanueva no fuimos convocadas, situaci\u00f3n que debi\u00f3 de ponerse de nuestro conocimiento en la formalidad que corresponde\u201d, citaron como parte de la renuncia.<\/p>\n\n\n\n<p>Las consejeras lamentaron la violaci\u00f3n a los derechos humanos de las mujeres por parte del edil capitalino, al asegurar que cualquier destituci\u00f3n de una mujer acompa\u00f1ada de violencia, representa un acto de arbitrariedad que demuestra el poco inter\u00e9s de la autoridad por defender a m\u00e1s de la mitad de la poblaci\u00f3n en la localidad.<\/p>\n\n\n\n<p>\u201cPreocupa para nosotras, la ausencia del respeto a los derechos humanos de las mujeres, ocasionando en detrimento a la progresividad e interdependencia de derecho, las lesiones colaterales a los derechos de las usurarios del Instituto Municipal de las Mujeres\u201d, manifestaron.<\/p>\n\n\n\n<p>Por lo anterior y con la intenci\u00f3n de ser congruentes con su labor en contra de la violencia hacia las mujeres, tomaron la decisi\u00f3n de renunciar al no ser tomadas en cuenta por Oswaldo Garc\u00eda Jarqu\u00edn, pese a los dos llamados previos en los que solicitaron audiencia con el mandatario municipal que no fueron escuchados en una actitud de ejercicio de poder violenta.<\/p>\n\n\n\n<p>As\u00ed mismo pidieron que la renuncia sea p\u00fablica en la pr\u00f3xima sesi\u00f3n de Consejo y se difunda desde las redes de comunicaci\u00f3n del propio municipio, en portales, medios impresos, f\u00edsicos, electr\u00f3nico y dem\u00e1s an\u00e1logos, en los que fue publicada su toma de protesta como consejeras; y que se devuelvan los documentos legales personales y de organizaciones que se presentaron, con la intenci\u00f3n que no sean utilizados de mala fe.<\/p>\n\n\n\n<figure class=\"wp-block-image size-large\"><img decoding=\"async\" width=\"767\" height=\"934\" src=\"https:\/\/www.zonaroja.com.mx\/wp-content\/uploads\/2020\/07\/img_1479.jpg\" alt=\"\" class=\"wp-image-15346\" srcset=\"https:\/\/zonaroja.com.mx\/wp-content\/uploads\/2020\/07\/img_1479.jpg 767w, https:\/\/zonaroja.com.mx\/wp-content\/uploads\/2020\/07\/img_1479-246x300.jpg 246w, https:\/\/zonaroja.com.mx\/wp-content\/uploads\/2020\/07\/img_1479-585x712.jpg 585w\" sizes=\"(max-width: 767px) 100vw, 767px\" \/><\/figure>\n\n\n\n<p>Finalmente cuestionaron el silencio por parte de integrantes del Cabildo en torno a la violencia ejercida por el edil y la designaci\u00f3n de Graciela Calvo como nueva titular al cargo, ya que refirieron es socia de una organizaci\u00f3n en la que figura la esposa de un alto funcionario del municipio de Oaxaca de Ju\u00e1rez, lo cual debe ser aclarado por el edil capitalino.<\/p>\n\n\n\n<p>El documento de renuncia fue firmado por Rosario Guadalupe S\u00e1nchez Pacheco, Margarita Dalton Palomo, Niz Yamille Margarita G\u00f3mez Hern\u00e1ndez, Paulina Alejandra R\u00edos Olivera y Mayra Morales Aldaz como integrantes Consejo Consultivo del Instituto Municipal de la Mujer.<\/p>\n\n\n\n<p>As\u00ed como por Luisa Jimena Avellaneda D\u00edaz, Ver\u00f3nica Hern\u00e1ndez Ferrer, Zoila R\u00edos Coca, Evlin Marysol Hern\u00e1ndez Arag\u00f3n y Vilma Katt Ulloa, integrante del Consejo Municipal para la Prevenci\u00f3n, Atenci\u00f3n, Sanci\u00f3n y Erradicaci\u00f3n de la Violencia de G\u00e9nero.<\/p>\n\n\n\n<p>Por su parte&nbsp;Jaquelina&nbsp;Escamilla&nbsp;Villanueva, ex titular del IMM, tambi\u00e9n presente en la conferencia, detall\u00f3 que mantiene procedimientos en contra del edil Oswaldo Garc\u00eda Jarqu\u00edn, por el despido injustificado y la violencia ejercida en su contra ante la Defensor\u00eda de los Derechos Humanos de Pueblo de Oaxaca (DDHPO), la Fiscal\u00eda Especializada&nbsp;para la Atenci\u00f3n a&nbsp;Delitos Contra la Mujer&nbsp;por Raz\u00f3n de G\u00e9nero, Instituto Estatal Electoral y de Participaci\u00f3n Ciudadana de Oaxaca (IEEPCO) donde no quisieron entrar al an\u00e1lisis de fondo, por lo que se fue directamente al Tribunal Federal Electoral, que remiti\u00f3 al Tribunal Estatal Electoral y dot\u00f3 de 10 d\u00edas para resolver, plazo que se cumpli\u00f3 el pasado fin de semana.&nbsp;<\/p>\n\n\n\n<p>Fue el pasado 27 de mayo que, a trav\u00e9s de un video en las redes sociales,Escamilla&nbsp;Villanueva denunci\u00f3 su despido injustificado, el cual fue confirmado dos d\u00edas despu\u00e9s por la autoridad municipal que argument\u00f3 seguir los ordenamientos legales que rigen a la administraci\u00f3n p\u00fablica tras la&nbsp;insubordinaci\u00f3n por parte de la funcionaria.<\/p>\n\n\n\n<p>Por lo anterior decenas de colectivos feministas y en defensa de las mujeres manifestaron su rechazo a cualquier tipo de violencia, particularmente a aquella que viene de las propias instituciones, la cual exigieron que sea resarcida y sancionada.<\/p>\n","protected":false},"excerpt":{"rendered":"<p>Redacci\u00f3n\/Zona Roja.&nbsp; Oaxaca de Ju\u00e1rez, Oax., 22 de julio de 2020.- &nbsp;A casi dos meses&hellip;<\/p>\n","protected":false},"author":2,"featured_media":15345,"comment_status":"closed","ping_status":"open","sticky":false,"template":"","format":"standard","meta":{"_lmt_disableupdate":"","_lmt_disable":"","_jetpack_memberships_contains_paid_content":false,"footnotes":""},"categories":[109,47],"tags":[115],"class_list":["post-15347","post","type-post","status-publish","format-standard","has-post-thumbnail","hentry","category-minuto-a-minuto","category-zona-gris","tag-oswaldo-garcia-jarquin"],"jetpack_featured_media_url":"https:\/\/zonaroja.com.mx\/wp-content\/uploads\/2020\/07\/img_1478.jpg","jetpack_sharing_enabled":true,"_links":{"self":[{"href":"https:\/\/zonaroja.com.mx\/index.php?rest_route=\/wp\/v2\/posts\/15347","targetHints":{"allow":["GET"]}}],"collection":[{"href":"https:\/\/zonaroja.com.mx\/index.php?rest_route=\/wp\/v2\/posts"}],"about":[{"href":"https:\/\/zonaroja.com.mx\/index.php?rest_route=\/wp\/v2\/types\/post"}],"author":[{"embeddable":true,"href":"https:\/\/zonaroja.com.mx\/index.php?rest_route=\/wp\/v2\/users\/2"}],"replies":[{"embeddable":true,"href":"https:\/\/zonaroja.com.mx\/index.php?rest_route=%2Fwp%2Fv2%2Fcomments&post=15347"}],"version-history":[{"count":1,"href":"https:\/\/zonaroja.com.mx\/index.php?rest_route=\/wp\/v2\/posts\/15347\/revisions"}],"predecessor-version":[{"id":15348,"href":"https:\/\/zonaroja.com.mx\/index.php?rest_route=\/wp\/v2\/posts\/15347\/revisions\/15348"}],"wp:featuredmedia":[{"embeddable":true,"href":"https:\/\/zonaroja.com.mx\/index.php?rest_route=\/wp\/v2\/media\/15345"}],"wp:attachment":[{"href":"https:\/\/zonaroja.com.mx\/index.php?rest_route=%2Fwp%2Fv2%2Fmedia&parent=15347"}],"wp:term":[{"taxonomy":"category","embeddable":true,"href":"https:\/\/zonaroja.com.mx\/index.php?rest_route=%2Fwp%2Fv2%2Fcategories&post=15347"},{"taxonomy":"post_tag","embeddable":true,"href":"https:\/\/zonaroja.com.mx\/index.php?rest_route=%2Fwp%2Fv2%2Ftags&post=15347"}],"curies":[{"name":"wp","href":"https:\/\/api.w.org\/{rel}","templated":true}]}}