{"id":15352,"date":"2020-07-22T16:11:14","date_gmt":"2020-07-22T21:11:14","guid":{"rendered":"http:\/\/www.zonaroja.com.mx\/?p=15352"},"modified":"2020-07-22T16:11:20","modified_gmt":"2020-07-22T21:11:20","slug":"cateo-en-santa-lucia-del-camino-en-casa-de-presuntos-narcomenudistas","status":"publish","type":"post","link":"https:\/\/zonaroja.com.mx\/?p=15352","title":{"rendered":"Cateo en Santa Luc\u00eda del Camino en casa de presuntos narcomenudistas"},"content":{"rendered":"\n<p>Redacci\u00f3n\/\nZona Roja<\/p>\n\n\n\n<p>Oaxaca de\nJu\u00e1rez, Oax., 22 de julio de 2020.- Elementos de seguridad y fuerzas castrenses\nimplementaron un operativo de revisi\u00f3n en un domicilio particular en Santa\nLuc\u00eda del Camino, donde presuntamente habita una banda delictiva que opera en\nla zona.<\/p>\n\n\n\n<p>El cateo lo\nejecutaron integrantes de la Guardia Nacional, Agencia Estatal de\nInvestigaciones (AEI) y Polic\u00eda Estatal de Oaxaca la ma\u00f1ana de este mi\u00e9rcoles,\nen una vivienda ubicada en la calle de Prolongaci\u00f3n de Ray\u00f3n, casi esquina\nEmiliano Zapata, colonia Fernando G\u00f3mez Sandoval.<\/p>\n\n\n\n<p>De acuerdo a\ninformaci\u00f3n policial, el operativo se realiz\u00f3 tras la denuncia de los vecinos\nde esa zona, que reportaron la operaci\u00f3n de una banda dedicada al robo a\ntranse\u00fantes y establecimientos, as\u00ed como la supuesta relaci\u00f3n con la\ndistribuci\u00f3n al menudeo de estupefacientes.<\/p>\n\n\n\n<p>Testimonios\naseguraron a las fuerzas castrenses que los habitantes de la casa son nuevos\nvecinos que llegaron al lugar hace aproximadamente tres meses.<\/p>\n\n\n\n<p>Durante el\ncateo se emplearon binomios caninos para supervisar el lugar, en el que, de acuerdo\na los reportes preliminares, no se detuvo a ninguna persona.<\/p>\n\n\n\n<p>De manera\nfrecuente, habitantes de Santa Luc\u00eda del Camino han denunciado las nulas\nacciones en materia de seguridad, por parte del edil Dante Monta\u00f1o Montero,\nquien a\u00fan sigue resguardado en su domicilio, tras padecer Covid-19 desde hace\nm\u00e1s de un mes.<\/p>\n","protected":false},"excerpt":{"rendered":"<p>Redacci\u00f3n\/ Zona Roja Oaxaca de Ju\u00e1rez, Oax., 22 de julio de 2020.- Elementos de seguridad&hellip;<\/p>\n","protected":false},"author":2,"featured_media":15353,"comment_status":"closed","ping_status":"open","sticky":false,"template":"","format":"standard","meta":{"_lmt_disableupdate":"","_lmt_disable":"","_jetpack_memberships_contains_paid_content":false,"footnotes":""},"categories":[109,51],"tags":[337],"class_list":["post-15352","post","type-post","status-publish","format-standard","has-post-thumbnail","hentry","category-minuto-a-minuto","category-zona-roja","tag-santa-lucia-del-camino"],"jetpack_featured_media_url":"https:\/\/zonaroja.com.mx\/wp-content\/uploads\/2020\/07\/Cateo-Santa-Luc\u00eda-del-Camino.jpg","jetpack_sharing_enabled":true,"_links":{"self":[{"href":"https:\/\/zonaroja.com.mx\/index.php?rest_route=\/wp\/v2\/posts\/15352","targetHints":{"allow":["GET"]}}],"collection":[{"href":"https:\/\/zonaroja.com.mx\/index.php?rest_route=\/wp\/v2\/posts"}],"about":[{"href":"https:\/\/zonaroja.com.mx\/index.php?rest_route=\/wp\/v2\/types\/post"}],"author":[{"embeddable":true,"href":"https:\/\/zonaroja.com.mx\/index.php?rest_route=\/wp\/v2\/users\/2"}],"replies":[{"embeddable":true,"href":"https:\/\/zonaroja.com.mx\/index.php?rest_route=%2Fwp%2Fv2%2Fcomments&post=15352"}],"version-history":[{"count":1,"href":"https:\/\/zonaroja.com.mx\/index.php?rest_route=\/wp\/v2\/posts\/15352\/revisions"}],"predecessor-version":[{"id":15354,"href":"https:\/\/zonaroja.com.mx\/index.php?rest_route=\/wp\/v2\/posts\/15352\/revisions\/15354"}],"wp:featuredmedia":[{"embeddable":true,"href":"https:\/\/zonaroja.com.mx\/index.php?rest_route=\/wp\/v2\/media\/15353"}],"wp:attachment":[{"href":"https:\/\/zonaroja.com.mx\/index.php?rest_route=%2Fwp%2Fv2%2Fmedia&parent=15352"}],"wp:term":[{"taxonomy":"category","embeddable":true,"href":"https:\/\/zonaroja.com.mx\/index.php?rest_route=%2Fwp%2Fv2%2Fcategories&post=15352"},{"taxonomy":"post_tag","embeddable":true,"href":"https:\/\/zonaroja.com.mx\/index.php?rest_route=%2Fwp%2Fv2%2Ftags&post=15352"}],"curies":[{"name":"wp","href":"https:\/\/api.w.org\/{rel}","templated":true}]}}