{"id":15355,"date":"2020-07-22T16:23:06","date_gmt":"2020-07-22T21:23:06","guid":{"rendered":"http:\/\/www.zonaroja.com.mx\/?p=15355"},"modified":"2020-07-22T16:23:08","modified_gmt":"2020-07-22T21:23:08","slug":"en-visperas-del-arribo-de-amlo-y-en-crisis-por-covid-salina-cruz-se-aisla","status":"publish","type":"post","link":"https:\/\/zonaroja.com.mx\/?p=15355","title":{"rendered":"En v\u00edsperas del arribo de AMLO y en crisis por Covid, Salina Cruz se a\u00edsla"},"content":{"rendered":"\n<p>Yuridiana\nSosa\/Zona Roja.<\/p>\n\n\n\n<p>Oaxaca de\nJu\u00e1rez, Oax., 22 de julio de 2020.- A cuatro meses de la contingencia sanitaria\npor Covid-19 y en v\u00edsperas de la visita del Presidente Andr\u00e9s Manuel L\u00f3pez\nObrador, el ayuntamiento de Salina Cruz, en la regi\u00f3n del Istmo, intensific\u00f3\nmedidas para el cuidado de su poblaci\u00f3n con el cierre de las fronteras de este\npuerto con sus municipios vecinos.<\/p>\n\n\n\n<p>Cifras de la\nSecretar\u00eda de Salud reportaron este 21 de julio que en este municipio se cuenta\ncon un acumulado de 265 confirmados, 45 defunciones y 75 casos sospechosos.<\/p>\n\n\n\n<p>A partir de\neste mi\u00e9rcoles la autoridad municipal clausur\u00f3 el acceso a la poblaci\u00f3n en sus\ntres entradas principales, que comunican con la zona huave y la regi\u00f3n de la\nCosta.<\/p>\n\n\n\n<p>Se cerr\u00f3 el\npunto del Arco de Seguridad del tramo Salina Cruz-Huilotepec; Arco de Seguridad\ndel tramo Salina Cruz- Tehuantepec; Salina Cruz-Salinas del Marqu\u00e9s y el t\u00fanel.<\/p>\n\n\n\n<p>El edil,\nJuan Carlos Atecas Altamirano, dio a conocer las medidas la noche de este 21 de\njulio a trav\u00e9s de un video que comparti\u00f3 en redes sociales.<\/p>\n\n\n\n<p>\u201cQuiero\npedirles que nos apoyen con esa medida de no visitar el puerto de Salina Cruz.\nCualquier ciudadana, de cualquier parte del mundo siempre ser\u00e1 bienvenido, y\nlos vamos a recibir con los brazos abiertos, peor en esta ocasi\u00f3n no es\nconveniente asistir a nuestro puerto\u201d, mencion\u00f3.<\/p>\n\n\n\n<p>Las personas\nde otras comunidades vecinas que deben asistir a Salina Cruz, por actividades\nesenciales, deber\u00e1n acreditar su visita y ser\u00e1n supervisadas para no burlar la\nseguridad.<\/p>\n\n\n\n<p>Tambi\u00e9n en\nla regi\u00f3n el Istmo, en el municipio de Tehuantepec comenzaron con la\ndesinfecci\u00f3n de \u00e1reas p\u00fablicas, as\u00ed como en los cuatro mercados p\u00fablicos\nprincipales, como son \u201cJes\u00fas Carranza\u201d, \u201cGuichivere\u201d, \u201cSanta Mar\u00eda\u201d y \u201c22 de\nmarzo\u201d.<\/p>\n\n\n\n<p>Mientras que\nla poblaci\u00f3n de La Ventosa, en Juchit\u00e1n, se acord\u00f3 cerrar las calles para\nimpedir el ingreso de veh\u00edculos o personas de otra poblaci\u00f3n, como medida\nsanitaria para detener la propagaci\u00f3n del contra el Covid-19. En ese municipio\ntambi\u00e9n se orden\u00f3 el cierre por cinco d\u00edas para el comercio.<\/p>\n\n\n\n<p>Otros\nmunicipios como Santiago Laollaga, Ciudad Ixtepec, por mencionar algunos, han\ncerrado tambi\u00e9n sus accesos y extremado medidas.<\/p>\n\n\n\n<p>El pasado\nlunes inici\u00f3 un periodo de 10 d\u00edas de confinamiento total voluntario, en las\nregiones Istmo y Cuenca, a fin de abatir los altos \u00edndices de contagio por el\nnuevo virus.<\/p>\n\n\n\n<p>En el\nmunicipio de Huautla de Jim\u00e9nez, en la regi\u00f3n Ca\u00f1ada, el Cabildo entr\u00f3 en\ncuarentena ante la sospecha de padecer Covid-19, luego que el secretario\nmunicipal, Sergio Calvo Guerrero, falleci\u00f3 el pasado17 de julio.<\/p>\n\n\n\n<p>Autoridades\nmunicipales dieron a conocer que el presidente municipal, Oscar Peralta\nAllende, al igual que el resto de los integrantes del cabildo comenzaron su\naislamiento tras la defunci\u00f3n de su compa\u00f1ero.<\/p>\n\n\n\n<p>Mientras que\nen San Juan Bautista Tuxtepec, en la regi\u00f3n Cuenca, desde el pasado 20 de julio\nse implementa un cerco en el centro del municipio. Se cerr\u00f3 el paso vehicular y\nse hace obligatorio el uso del cubrebocas o se aplicar\u00e1 una sanci\u00f3n de dos\nUMAS.<\/p>\n","protected":false},"excerpt":{"rendered":"<p>Yuridiana Sosa\/Zona Roja. Oaxaca de Ju\u00e1rez, Oax., 22 de julio de 2020.- A cuatro meses&hellip;<\/p>\n","protected":false},"author":2,"featured_media":15356,"comment_status":"closed","ping_status":"open","sticky":false,"template":"","format":"standard","meta":{"_lmt_disableupdate":"","_lmt_disable":"","_jetpack_memberships_contains_paid_content":false,"footnotes":""},"categories":[109,47],"tags":[1512],"class_list":["post-15355","post","type-post","status-publish","format-standard","has-post-thumbnail","hentry","category-minuto-a-minuto","category-zona-gris","tag-coronavirus-oaxaca"],"jetpack_featured_media_url":"https:\/\/zonaroja.com.mx\/wp-content\/uploads\/2020\/07\/2cddd348-2566-4a53-9255-e959e3220637.jpg","jetpack_sharing_enabled":true,"_links":{"self":[{"href":"https:\/\/zonaroja.com.mx\/index.php?rest_route=\/wp\/v2\/posts\/15355","targetHints":{"allow":["GET"]}}],"collection":[{"href":"https:\/\/zonaroja.com.mx\/index.php?rest_route=\/wp\/v2\/posts"}],"about":[{"href":"https:\/\/zonaroja.com.mx\/index.php?rest_route=\/wp\/v2\/types\/post"}],"author":[{"embeddable":true,"href":"https:\/\/zonaroja.com.mx\/index.php?rest_route=\/wp\/v2\/users\/2"}],"replies":[{"embeddable":true,"href":"https:\/\/zonaroja.com.mx\/index.php?rest_route=%2Fwp%2Fv2%2Fcomments&post=15355"}],"version-history":[{"count":1,"href":"https:\/\/zonaroja.com.mx\/index.php?rest_route=\/wp\/v2\/posts\/15355\/revisions"}],"predecessor-version":[{"id":15357,"href":"https:\/\/zonaroja.com.mx\/index.php?rest_route=\/wp\/v2\/posts\/15355\/revisions\/15357"}],"wp:featuredmedia":[{"embeddable":true,"href":"https:\/\/zonaroja.com.mx\/index.php?rest_route=\/wp\/v2\/media\/15356"}],"wp:attachment":[{"href":"https:\/\/zonaroja.com.mx\/index.php?rest_route=%2Fwp%2Fv2%2Fmedia&parent=15355"}],"wp:term":[{"taxonomy":"category","embeddable":true,"href":"https:\/\/zonaroja.com.mx\/index.php?rest_route=%2Fwp%2Fv2%2Fcategories&post=15355"},{"taxonomy":"post_tag","embeddable":true,"href":"https:\/\/zonaroja.com.mx\/index.php?rest_route=%2Fwp%2Fv2%2Ftags&post=15355"}],"curies":[{"name":"wp","href":"https:\/\/api.w.org\/{rel}","templated":true}]}}