{"id":15358,"date":"2020-07-22T18:48:20","date_gmt":"2020-07-22T23:48:20","guid":{"rendered":"http:\/\/www.zonaroja.com.mx\/?p=15358"},"modified":"2020-07-22T18:48:26","modified_gmt":"2020-07-22T23:48:26","slug":"tras-intervencion-de-la-ddhpo-liberan-a-anciano-mujer-y-menores-en-huitepec","status":"publish","type":"post","link":"https:\/\/zonaroja.com.mx\/?p=15358","title":{"rendered":"Tras intervenci\u00f3n de la DDHPO, liberan a anciano, mujer y menores en Huitepec"},"content":{"rendered":"\n<p>Redacci\u00f3n\/Zona\nRoja.<\/p>\n\n\n\n<p>Oaxaca de\nJu\u00e1rez, Oax., 22 de julio de 2020.- La persona de la tercera edad, una mujer y\nsus dos hijos menores, fueron puestos en libertad ayer en la comunidad de\nMiguel Hidalgo, del municipio de San Antonio Huitepec, Oaxaca.<\/p>\n\n\n\n<p>As\u00ed lo confirm\u00f3\nla Defensor\u00eda de los Derechos Humanos del Pueblo de Oaxaca (DDHPO), que certific\u00f3\nla liberaci\u00f3n de la familia, encarcelada desde el pasado 20 de julio.<\/p>\n\n\n\n<p>En un\ncomunicado, inform\u00f3 que al tener conocimiento de los hechos, dict\u00f3 medidas\ncautelares a favor de la familia, adem\u00e1s de entablar comunicaci\u00f3n con las\nautoridades municipales de la poblaci\u00f3n.<\/p>\n\n\n\n<p>Posteriormente,\nel 21 de julio, un equipo de visitadores se traslad\u00f3 a la poblaci\u00f3n para\nconstatar que las personas hubiesen sido liberadas, adem\u00e1s de pugnar por una soluci\u00f3n\npac\u00edfica al conflicto de fondo que enfrentan.<\/p>\n\n\n\n<p>El titular\nde la DDHPO, Bernardo Rodr\u00edguez Alamilla expuso que personal de la DDHPO se\nentrevist\u00f3 con la mujer y el adulto mayor y certificaron que tanto ellos como\nlos ni\u00f1os se encontraban libres; adem\u00e1s de entablar un encuentro con las\nautoridades y coadyuvar en el proceso de di\u00e1logo.<\/p>\n\n\n\n<p>Asimismo,\nreiter\u00f3 que las actuaciones por parte del \u00f3rgano aut\u00f3nomo en dicha poblaci\u00f3n,\nas\u00ed como la investigaci\u00f3n continuar\u00e1n hasta llegar a una resoluci\u00f3n.<\/p>\n\n\n\n<p>Reconoci\u00f3 el\nderecho que convencional y constitucionalmente tienen los pueblos originarios\npara regular su vida interna, pero tambi\u00e9n que dichas determinaciones deben\narmonizarse con los derechos humanos de su poblaci\u00f3n.<\/p>\n\n\n\n<p>Como se\ninform\u00f3, la familia fue encarcelada presuntamente a petici\u00f3n presuntamente de Braulio,\nAniceto y Pablo Garc\u00eda Luis&#8211;, por la disputa de un predio.<\/p>\n\n\n\n<p>El adulto\nmayor, Pablo V\u00e1squez Luis indic\u00f3 a las autoridades que cuenta con la\ndocumentaci\u00f3n del terreno del cual pretenden despojarlos; la otra v\u00edctima\nencarcelada fue Amalia Emma V. L., as\u00ed como sus menores de cuatro a\u00f1os y ocho\nmeses de edad, respectivamente.<\/p>\n","protected":false},"excerpt":{"rendered":"<p>Redacci\u00f3n\/Zona Roja. Oaxaca de Ju\u00e1rez, Oax., 22 de julio de 2020.- La persona de la&hellip;<\/p>\n","protected":false},"author":2,"featured_media":15359,"comment_status":"closed","ping_status":"open","sticky":false,"template":"","format":"standard","meta":{"_lmt_disableupdate":"","_lmt_disable":"","_jetpack_memberships_contains_paid_content":false,"footnotes":""},"categories":[109,47],"tags":[1848],"class_list":["post-15358","post","type-post","status-publish","format-standard","has-post-thumbnail","hentry","category-minuto-a-minuto","category-zona-gris","tag-san-antonio-huitepec"],"jetpack_featured_media_url":"https:\/\/zonaroja.com.mx\/wp-content\/uploads\/2020\/07\/DDHPO-certifica-libertad-de-familia-en-Huitepec-1.jpeg","jetpack_sharing_enabled":true,"_links":{"self":[{"href":"https:\/\/zonaroja.com.mx\/index.php?rest_route=\/wp\/v2\/posts\/15358","targetHints":{"allow":["GET"]}}],"collection":[{"href":"https:\/\/zonaroja.com.mx\/index.php?rest_route=\/wp\/v2\/posts"}],"about":[{"href":"https:\/\/zonaroja.com.mx\/index.php?rest_route=\/wp\/v2\/types\/post"}],"author":[{"embeddable":true,"href":"https:\/\/zonaroja.com.mx\/index.php?rest_route=\/wp\/v2\/users\/2"}],"replies":[{"embeddable":true,"href":"https:\/\/zonaroja.com.mx\/index.php?rest_route=%2Fwp%2Fv2%2Fcomments&post=15358"}],"version-history":[{"count":1,"href":"https:\/\/zonaroja.com.mx\/index.php?rest_route=\/wp\/v2\/posts\/15358\/revisions"}],"predecessor-version":[{"id":15360,"href":"https:\/\/zonaroja.com.mx\/index.php?rest_route=\/wp\/v2\/posts\/15358\/revisions\/15360"}],"wp:featuredmedia":[{"embeddable":true,"href":"https:\/\/zonaroja.com.mx\/index.php?rest_route=\/wp\/v2\/media\/15359"}],"wp:attachment":[{"href":"https:\/\/zonaroja.com.mx\/index.php?rest_route=%2Fwp%2Fv2%2Fmedia&parent=15358"}],"wp:term":[{"taxonomy":"category","embeddable":true,"href":"https:\/\/zonaroja.com.mx\/index.php?rest_route=%2Fwp%2Fv2%2Fcategories&post=15358"},{"taxonomy":"post_tag","embeddable":true,"href":"https:\/\/zonaroja.com.mx\/index.php?rest_route=%2Fwp%2Fv2%2Ftags&post=15358"}],"curies":[{"name":"wp","href":"https:\/\/api.w.org\/{rel}","templated":true}]}}