{"id":15362,"date":"2020-07-22T19:54:02","date_gmt":"2020-07-23T00:54:02","guid":{"rendered":"http:\/\/www.zonaroja.com.mx\/?p=15362"},"modified":"2020-07-22T19:54:05","modified_gmt":"2020-07-23T00:54:05","slug":"ocho-anos-de-injusticia-e-impunidad-para-dos-afromexicanos-acusados-de-homicidio","status":"publish","type":"post","link":"https:\/\/zonaroja.com.mx\/?p=15362","title":{"rendered":"Ocho a\u00f1os de injusticia e impunidad para dos afromexicanos acusados de homicidio"},"content":{"rendered":"\n<p>Evlin\nArag\u00f3n\/Zona Roja.<\/p>\n\n\n\n<p>Oaxaca de\nJu\u00e1rez, Oax., 22 de julio de 2020.- Han pasado ocho a\u00f1os desde que Honorio\nCorcuera Noyola y Margarito Gonz\u00e1lez Dom\u00ednguez, originarios de Chacahua, fueron\nencarcelados injustamente y se\u00f1alados sin pruebas como responsables del\nasesinato de Jes\u00fas Israel Moreno P\u00e9rez, quien desapareci\u00f3 el 8 de julio de 2011\ny cuyo cuerpo no ha sido localizado.<\/p>\n\n\n\n<p>Utilizando\nla tortura, malos trato y coacci\u00f3n por elementos de la entonces Procuradur\u00eda\nGeneral de Justicia del Estado, a cargo de Manuel de Jes\u00fas L\u00f3pez L\u00f3pez, los\nafromexicanos fueron acusados de los delitos de homicidio y robo calificado,\ncon la finalidad de dar carpetazo al caso de la desaparici\u00f3n del joven\nestudiante de la Universidad Nacional Aut\u00f3noma de M\u00e9xico (UNAM).<\/p>\n\n\n\n<p>El caso\nrefleja injusticia, discriminaci\u00f3n y racismo hacia personas pertenecientes a la\npoblaci\u00f3n negra de la Costa oaxaque\u00f1a, de acuerdo con \u00c1ngel Alberto Hern\u00e1ndez\nRivera, abogado y coordinador del \u00c1rea Jur\u00eddica de C\u00f3digo DH, quien detall\u00f3 que\nest\u00e1 plagado de toda la perversidad del estado para fabricar culpables a base\nde tortura.<\/p>\n\n\n\n<p>Lo anterior\nincluso impact\u00f3 de manera violenta en la paz de la comunidad de Chacahua,\ngenerando un estigma imborrable entre la poblaci\u00f3n afromexicana, aprovech\u00e1ndose\nde los escasos recursos y pocos estudios de los acusados que les pusieron en\nuna seria desventaja ante las autoridades estatales<\/p>\n\n\n\n<p>\u201cA juzgar\npor las inconsistencias del caso, no me queda duda que el Estado, en su af\u00e1n de\nfabricar culpables, es muy selectivo en estereotipos pues le ha funcionado\npresentar como \u2018culpables\u2019 a dos personas de escasos recursos, pocos estudios,\nque pr\u00e1cticamente no pueden defenderse, y pertenecientes a un grupo\nestructuralmente en desventaja como la poblaci\u00f3n afrodescendiente\u201d, refiri\u00f3.<\/p>\n\n\n\n<p>Para el\nabogado, no es casual que Honorio y Margarito permanezcan en prisi\u00f3n y sin\nsentencia, a pesar de que existen suficientes pruebas sobre su inocencia, sin\nque hasta el momento, ning\u00fan funcionario implicado haya sido castigado por las\nomisiones, los actos de tortura y la fabricaci\u00f3n de pruebas que utilizaron.<\/p>\n\n\n\n<p>\u201cEste caso\nde injusticia hacia Honorio y Margarito refleja la descomposici\u00f3n estructural y\nsistem\u00e1tica de la justicia en el estado de Oaxaca, donde servidores del Poder\nJudicial y la Fiscal\u00eda General como jueces, agentes del MP, peritos y agentes\nEstatales de Investigaci\u00f3n se\u00f1alados directamente por ejercer o tolerar actos\nde tortura y otras violaciones a los derechos humanos, siguen en el pleno\nejercicio de sus funciones, solapados y coludidos por quienes mueven los hilos\nde la injusticia en el estado\u201d, insisti\u00f3 el abogado y defensor.<\/p>\n\n\n\n<p>&nbsp;Fue el padre del joven desaparecido en territorio\noaxaque\u00f1o, quien en el 2015 interpuso una queja ante el Comit\u00e9 de Derechos\nHumanos de la Organizaci\u00f3n de las Naciones Unidas, donde se\u00f1al\u00f3 que el\nejercicio de la acci\u00f3n penal se bas\u00f3 en testimonios contradictorios,\nautoincriminatorios y obtenidos bajo tortura de las personas detenidas.<\/p>\n\n\n\n<p>A partir de\nese momento se evidencio que se trata de una injusticia la que viven los dos\nafromexicanos desde hace ochos a\u00f1os, acusados de delitos que nunca cometieron y\nsin que ninguna autoridad haga caso a las demandas de la sociedad civil en la\nque se pide la revisi\u00f3n del caso y reparaci\u00f3n de da\u00f1os.<\/p>\n","protected":false},"excerpt":{"rendered":"<p>Evlin Arag\u00f3n\/Zona Roja. Oaxaca de Ju\u00e1rez, Oax., 22 de julio de 2020.- Han pasado ocho&hellip;<\/p>\n","protected":false},"author":2,"featured_media":15363,"comment_status":"closed","ping_status":"open","sticky":false,"template":"","format":"standard","meta":{"_lmt_disableupdate":"","_lmt_disable":"","_jetpack_memberships_contains_paid_content":false,"footnotes":""},"categories":[109,47],"tags":[1092],"class_list":["post-15362","post","type-post","status-publish","format-standard","has-post-thumbnail","hentry","category-minuto-a-minuto","category-zona-gris","tag-jesus-israel-moreno"],"jetpack_featured_media_url":"https:\/\/zonaroja.com.mx\/wp-content\/uploads\/2020\/07\/Afromexicanos-detenidos-Chacahua.png","jetpack_sharing_enabled":true,"_links":{"self":[{"href":"https:\/\/zonaroja.com.mx\/index.php?rest_route=\/wp\/v2\/posts\/15362","targetHints":{"allow":["GET"]}}],"collection":[{"href":"https:\/\/zonaroja.com.mx\/index.php?rest_route=\/wp\/v2\/posts"}],"about":[{"href":"https:\/\/zonaroja.com.mx\/index.php?rest_route=\/wp\/v2\/types\/post"}],"author":[{"embeddable":true,"href":"https:\/\/zonaroja.com.mx\/index.php?rest_route=\/wp\/v2\/users\/2"}],"replies":[{"embeddable":true,"href":"https:\/\/zonaroja.com.mx\/index.php?rest_route=%2Fwp%2Fv2%2Fcomments&post=15362"}],"version-history":[{"count":1,"href":"https:\/\/zonaroja.com.mx\/index.php?rest_route=\/wp\/v2\/posts\/15362\/revisions"}],"predecessor-version":[{"id":15364,"href":"https:\/\/zonaroja.com.mx\/index.php?rest_route=\/wp\/v2\/posts\/15362\/revisions\/15364"}],"wp:featuredmedia":[{"embeddable":true,"href":"https:\/\/zonaroja.com.mx\/index.php?rest_route=\/wp\/v2\/media\/15363"}],"wp:attachment":[{"href":"https:\/\/zonaroja.com.mx\/index.php?rest_route=%2Fwp%2Fv2%2Fmedia&parent=15362"}],"wp:term":[{"taxonomy":"category","embeddable":true,"href":"https:\/\/zonaroja.com.mx\/index.php?rest_route=%2Fwp%2Fv2%2Fcategories&post=15362"},{"taxonomy":"post_tag","embeddable":true,"href":"https:\/\/zonaroja.com.mx\/index.php?rest_route=%2Fwp%2Fv2%2Ftags&post=15362"}],"curies":[{"name":"wp","href":"https:\/\/api.w.org\/{rel}","templated":true}]}}