{"id":15365,"date":"2020-07-22T21:01:36","date_gmt":"2020-07-23T02:01:36","guid":{"rendered":"http:\/\/www.zonaroja.com.mx\/?p=15365"},"modified":"2020-07-22T21:01:40","modified_gmt":"2020-07-23T02:01:40","slug":"vigilan-legisladores-que-apoyos-del-fonden-lleguen-a-damnificados-por-sismo","status":"publish","type":"post","link":"https:\/\/zonaroja.com.mx\/?p=15365","title":{"rendered":"Vigilan legisladores que apoyos del Fonden lleguen a damnificados por sismo"},"content":{"rendered":"\n<p>Evlin\nArag\u00f3n\/Zona Roja.<\/p>\n\n\n\n<p>Oaxaca de\nJu\u00e1rez, Oax., 22 de julio de 2020.- El diputado local por Morena, Oth\u00f3n Cuevas\nC\u00f3rdova, asegur\u00f3 que hay avance en la atenci\u00f3n de localidades afectada por el\nsismo del 23 de junio, con epicentro en la regi\u00f3n de la Costa, todo con el\napoyo del gobierno de M\u00e9xico que ha habilitado los recursos del Fondo para la\nAtenci\u00f3n de Emergencias (Fonden).<\/p>\n\n\n\n<p>Se\u00f1al\u00f3 que\nest\u00e1n permanentemente vigilantes que los recursos no se desv\u00eden por parte del gobierno\nde Oaxaca y lleguen a donde tienen que llegar de manera directa, toda vez que\nexisten vicios de administraciones anteriores que dif\u00edcilmente se pueden\ncorregir, pero hay esfuerzos para dejar las practicas a\u00f1ejas.<\/p>\n\n\n\n<p>\u201cComo Comisi\u00f3n\n(de Protecci\u00f3n Civil) estamos trabajando para que los apoyos lleguen de manera\ndirecta sin intermediarios partidista. Hay una inercia debo reconocer, hay\nvicios de muchos a\u00f1os atr\u00e1s, pero doy fe que hay un esfuerzo de que las cosas\nse empiecen a hacer de forma diferente\u201d, dijo.<\/p>\n\n\n\n<p>El\nlegislador local reconoci\u00f3 que hay comunidades que no han recibido la visita de\nautoridades del gobierno del estado, como en el caso de Lovene en la Sierra\nSur, sin embargo, existe el compromiso de seguir alimentando el listado por\nmedio del cual se hace la solicitud de apoyo a las autoridades federales.<\/p>\n\n\n\n<p>\u201cHay la disponibilidad, por lo menos en palabras, por parte del Gobierno del Estado por medio del nuevo director de Protecci\u00f3n Civil para que se haga una declaratoria en la que todos los municipios queden\u201d, manifest\u00f3<\/p>\n\n\n\n<figure class=\"wp-block-embed-twitter wp-block-embed is-type-rich is-provider-twitter\"><div class=\"wp-block-embed__wrapper\">\n<div class=\"twitter-tweet\"><blockquote class=\"twitter-tweet\" data-lang=\"es\"><p lang=\"es\" dir=\"ltr\"><a href=\"https:\/\/twitter.com\/hashtag\/SismoOaxaca?src=hash&amp;ref_src=twsrc%5Etfw\">#SismoOaxaca<\/a> <br>A casi un mes del sismo en <a href=\"https:\/\/twitter.com\/hashtag\/Oaxaca?src=hash&amp;ref_src=twsrc%5Etfw\">#Oaxaca<\/a>, el diputado <a href=\"https:\/\/twitter.com\/othoncuevas?ref_src=twsrc%5Etfw\">@othoncuevas<\/a> consider\u00f3 qu\u00e9 hay avances en la atenci\u00f3n a la emergencia, con el apoyo del <a href=\"https:\/\/twitter.com\/GobiernoMX?ref_src=twsrc%5Etfw\">@GobiernoMX<\/a>; el <a href=\"https:\/\/twitter.com\/CongresoOaxLXIV?ref_src=twsrc%5Etfw\">@CongresoOaxLXIV<\/a> vigila la correcta aplicaci\u00f3n de recursos y est\u00e1 atento a las demandas de los damnificados, dijo. <a href=\"https:\/\/t.co\/IQYuU4hTUm\">pic.twitter.com\/IQYuU4hTUm<\/a><\/p>&mdash; Zona Roja Oaxaca (@MexRoja) <a href=\"https:\/\/twitter.com\/MexRoja\/status\/1285949328637308933?ref_src=twsrc%5Etfw\">22 de julio de 2020<\/a><\/blockquote><\/div>\n<\/div><\/figure>\n\n\n\n<p>As\u00ed mismo,\ndetall\u00f3 que hay una exigencia permanente de que exista transparencia en torno a\nlos recursos asignados y la aplicaci\u00f3n del mismo, debido a la relaci\u00f3n tan\nestrecha entre el gobernador de Oaxaca y el presidente de M\u00e9xico, Andr\u00e9s Manuel\nL\u00f3pez Obrador.<\/p>\n\n\n\n<p>Finalmente,\nCuevas C\u00f3rdova declar\u00f3 que la atenci\u00f3n tambi\u00e9n se est\u00e1 dando a las localidades\nafectadas por las lluvias en la Ca\u00f1ada, de forma particular en Huautla de\nJim\u00e9nez que result\u00f3 con serias afectaciones.&nbsp;\n<\/p>\n\n\n\n<p>Cabe se\u00f1alar\nque, hasta el momento, el gobierno de Oaxaca no ha hecho p\u00fablica la informaci\u00f3n\nen torno a los apoyos brindados a las localidades afectadas, pese a que los\nd\u00edas posteriores al sismo, el gobierno de Oaxaca difundi\u00f3 las visitas del\nmandatario estatal, Alejandro Murat Hinojosa, a las zonas afectadas.<\/p>\n\n\n\n<p>Sin embargo,\nno queda claro el monto total, de recurso p\u00fablico asignado y las localidades a\nlas que ya se ha hecho entrega del mismo.<\/p>\n\n\n\n<p>Tampoco\ndesde hace una semana no ha dado a conocer la situaci\u00f3n de las comunidades, la\natenci\u00f3n a los caminos y la forma en que apoyar\u00e1 a los damnificados.<\/p>\n","protected":false},"excerpt":{"rendered":"<p>Evlin Arag\u00f3n\/Zona Roja. Oaxaca de Ju\u00e1rez, Oax., 22 de julio de 2020.- El diputado local&hellip;<\/p>\n","protected":false},"author":2,"featured_media":15366,"comment_status":"closed","ping_status":"open","sticky":false,"template":"","format":"standard","meta":{"_lmt_disableupdate":"","_lmt_disable":"","_jetpack_memberships_contains_paid_content":false,"footnotes":""},"categories":[109,47],"tags":[1311],"class_list":["post-15365","post","type-post","status-publish","format-standard","has-post-thumbnail","hentry","category-minuto-a-minuto","category-zona-gris","tag-othon-cuevas-cordova"],"jetpack_featured_media_url":"https:\/\/zonaroja.com.mx\/wp-content\/uploads\/2020\/07\/Oth\u00f3n-cuevas-1.png","jetpack_sharing_enabled":true,"_links":{"self":[{"href":"https:\/\/zonaroja.com.mx\/index.php?rest_route=\/wp\/v2\/posts\/15365","targetHints":{"allow":["GET"]}}],"collection":[{"href":"https:\/\/zonaroja.com.mx\/index.php?rest_route=\/wp\/v2\/posts"}],"about":[{"href":"https:\/\/zonaroja.com.mx\/index.php?rest_route=\/wp\/v2\/types\/post"}],"author":[{"embeddable":true,"href":"https:\/\/zonaroja.com.mx\/index.php?rest_route=\/wp\/v2\/users\/2"}],"replies":[{"embeddable":true,"href":"https:\/\/zonaroja.com.mx\/index.php?rest_route=%2Fwp%2Fv2%2Fcomments&post=15365"}],"version-history":[{"count":1,"href":"https:\/\/zonaroja.com.mx\/index.php?rest_route=\/wp\/v2\/posts\/15365\/revisions"}],"predecessor-version":[{"id":15367,"href":"https:\/\/zonaroja.com.mx\/index.php?rest_route=\/wp\/v2\/posts\/15365\/revisions\/15367"}],"wp:featuredmedia":[{"embeddable":true,"href":"https:\/\/zonaroja.com.mx\/index.php?rest_route=\/wp\/v2\/media\/15366"}],"wp:attachment":[{"href":"https:\/\/zonaroja.com.mx\/index.php?rest_route=%2Fwp%2Fv2%2Fmedia&parent=15365"}],"wp:term":[{"taxonomy":"category","embeddable":true,"href":"https:\/\/zonaroja.com.mx\/index.php?rest_route=%2Fwp%2Fv2%2Fcategories&post=15365"},{"taxonomy":"post_tag","embeddable":true,"href":"https:\/\/zonaroja.com.mx\/index.php?rest_route=%2Fwp%2Fv2%2Ftags&post=15365"}],"curies":[{"name":"wp","href":"https:\/\/api.w.org\/{rel}","templated":true}]}}