{"id":15368,"date":"2020-07-22T21:29:30","date_gmt":"2020-07-23T02:29:30","guid":{"rendered":"http:\/\/www.zonaroja.com.mx\/?p=15368"},"modified":"2020-07-22T21:29:34","modified_gmt":"2020-07-23T02:29:34","slug":"ataque-a-la-dirigente-del-comvive-xochimilco-es-por-defensa-de-territorio-y-tradiciones","status":"publish","type":"post","link":"https:\/\/zonaroja.com.mx\/?p=15368","title":{"rendered":"Ataque a la dirigente del Comvive Xochimilco es por defensa de territorio y tradiciones"},"content":{"rendered":"\n<p>Yuridiana\nSosa\/Zona Roja.<\/p>\n\n\n\n<p>Oaxaca de\nJu\u00e1rez, Oax., 22 de julio de 2020.-&nbsp;\nVecinos del barrio tradicional de Xochimilco, en la capital de Oaxaca,\ncondenaron el atentado contra la presidenta del Comit\u00e9 de Vida Vecinal\n(Comvive), Elizabeth Cruz Gonz\u00e1lez, perpetrado este martes y por el que exigen\njusticia.<\/p>\n\n\n\n<p>El ataque a\nla dirigente lo relacionaron con la defensa que el Comvive lleva a cabo en su\nbarrio, para proteger los espacios culturales, tradicionales y naturales, lo\ncual va contra la instalaci\u00f3n de la tienda de conveniencia Oxxo y de Farmacias\ndel Ahorro; en cambio, trabajan para impulsar desde la autogesti\u00f3n las artes y\noficios del barrio.<\/p>\n\n\n\n<p>Este martes,\nla presidenta del Comit\u00e9 fue herida por la espalda con un arma blanca en la\ncalle Gilberto Bola\u00f1os Cacho del barrio de Xochimilco cuando sal\u00eda de una\ntienda de abarrotes, ataque que se registr\u00f3 sin mediar palabra ni estuvo\nrelacionado con un asalto. <\/p>\n\n\n\n<p>La herida\nprovocada da\u00f1\u00f3 \u00f3rganos vitales que amerit\u00f3 intervenci\u00f3n quir\u00fargica y su estado\nde salud se reporta como grave, informaron los vecinos a trav\u00e9s de un\ncomunicado emitido este mi\u00e9rcoles, quienes agregaron que el atacante se refugi\u00f3\nen las instalaciones del Hospital Zona n\u00famero 1 del IMSS, a dos cuadras del\nlugar.<\/p>\n\n\n\n<p>Por los\nhechos, los habitantes del barrio exigieron a la Fiscal\u00eda General de Oaxaca,\nas\u00ed como a la Fiscal\u00eda Especializada para la Atenci\u00f3n a Delitos Contra la Mujer\npor Raz\u00f3n de G\u00e9nero, realizar una inmediata investigaci\u00f3n para la aplicaci\u00f3n de\njusticia contra o contra quienes resulten responsables.<\/p>\n","protected":false},"excerpt":{"rendered":"<p>Yuridiana Sosa\/Zona Roja. Oaxaca de Ju\u00e1rez, Oax., 22 de julio de 2020.-&nbsp; Vecinos del barrio&hellip;<\/p>\n","protected":false},"author":2,"featured_media":15369,"comment_status":"closed","ping_status":"open","sticky":false,"template":"","format":"standard","meta":{"_lmt_disableupdate":"","_lmt_disable":"","_jetpack_memberships_contains_paid_content":false,"footnotes":""},"categories":[109,47],"tags":[1853,148],"class_list":["post-15368","post","type-post","status-publish","format-standard","has-post-thumbnail","hentry","category-minuto-a-minuto","category-zona-gris","tag-elizabeth-cruz-gonzalez","tag-oaxaca-de-juarez"],"jetpack_featured_media_url":"https:\/\/zonaroja.com.mx\/wp-content\/uploads\/2020\/07\/Comvive-Xochimilco-2.jpg","jetpack_sharing_enabled":true,"_links":{"self":[{"href":"https:\/\/zonaroja.com.mx\/index.php?rest_route=\/wp\/v2\/posts\/15368","targetHints":{"allow":["GET"]}}],"collection":[{"href":"https:\/\/zonaroja.com.mx\/index.php?rest_route=\/wp\/v2\/posts"}],"about":[{"href":"https:\/\/zonaroja.com.mx\/index.php?rest_route=\/wp\/v2\/types\/post"}],"author":[{"embeddable":true,"href":"https:\/\/zonaroja.com.mx\/index.php?rest_route=\/wp\/v2\/users\/2"}],"replies":[{"embeddable":true,"href":"https:\/\/zonaroja.com.mx\/index.php?rest_route=%2Fwp%2Fv2%2Fcomments&post=15368"}],"version-history":[{"count":1,"href":"https:\/\/zonaroja.com.mx\/index.php?rest_route=\/wp\/v2\/posts\/15368\/revisions"}],"predecessor-version":[{"id":15370,"href":"https:\/\/zonaroja.com.mx\/index.php?rest_route=\/wp\/v2\/posts\/15368\/revisions\/15370"}],"wp:featuredmedia":[{"embeddable":true,"href":"https:\/\/zonaroja.com.mx\/index.php?rest_route=\/wp\/v2\/media\/15369"}],"wp:attachment":[{"href":"https:\/\/zonaroja.com.mx\/index.php?rest_route=%2Fwp%2Fv2%2Fmedia&parent=15368"}],"wp:term":[{"taxonomy":"category","embeddable":true,"href":"https:\/\/zonaroja.com.mx\/index.php?rest_route=%2Fwp%2Fv2%2Fcategories&post=15368"},{"taxonomy":"post_tag","embeddable":true,"href":"https:\/\/zonaroja.com.mx\/index.php?rest_route=%2Fwp%2Fv2%2Ftags&post=15368"}],"curies":[{"name":"wp","href":"https:\/\/api.w.org\/{rel}","templated":true}]}}