{"id":15371,"date":"2020-07-22T21:33:06","date_gmt":"2020-07-23T02:33:06","guid":{"rendered":"http:\/\/www.zonaroja.com.mx\/?p=15371"},"modified":"2020-07-22T21:33:09","modified_gmt":"2020-07-23T02:33:09","slug":"en-tercer-dia-de-semaforo-rojo-140-casos-de-covid-y-12-fallecimientos","status":"publish","type":"post","link":"https:\/\/zonaroja.com.mx\/?p=15371","title":{"rendered":"En tercer d\u00eda de sem\u00e1foro rojo, 140 casos de Covid y 12 fallecimientos"},"content":{"rendered":"\n<p>Redacci\u00f3n\/Zona\nRoja.<\/p>\n\n\n\n<p>Oaxaca de\nJu\u00e1rez, Oax., 22 de julio de 2020.- Al corte de este mi\u00e9rcoles 22 de julio, la\nentidad acumul\u00f3 nueve mil 89 casos positivos a Covid-19; de esta cifra, 850\npersonas han perdido la vida a causa de complicaciones por la enfermedad, 12\nm\u00e1s que el d\u00eda de ayer, seg\u00fan cifras de los Servicios de Salud de Oaxaca (SSO).<\/p>\n\n\n\n<p>En un\ncomunicado, la dependencia se\u00f1al\u00f3 que el n\u00famero de pacientes en aislamiento son\n435; del total de confirmados, 140 son casos nuevos ubicados en 46 municipios,\nsiendo las localidades m\u00e1s afectadas por el coronavirus: Oaxaca de Ju\u00e1rez con\n42 reportes y Santa Cruz Xoxocotl\u00e1n con 10 contagios en las \u00faltimas 24 horas\ndel d\u00eda.<\/p>\n\n\n\n<p>Asever\u00f3 que el registro de personas recuperadas se elev\u00f3 a siete mil 804 y se tienen 994 pacientes sospechosos en espera de resultados, cuatro mil 150 han dado negativos.<\/p>\n\n\n\n<figure class=\"wp-block-embed-twitter wp-block-embed is-type-rich is-provider-twitter\"><div class=\"wp-block-embed__wrapper\">\n<div class=\"twitter-tweet\"><blockquote class=\"twitter-tweet\" data-lang=\"es\"><p lang=\"es\" dir=\"ltr\">Ay\u00fadanos a mitigar los contagios de <a href=\"https:\/\/twitter.com\/hashtag\/COVID19?src=hash&amp;ref_src=twsrc%5Etfw\">#COVID19<\/a>, en la medida de lo posible <a href=\"https:\/\/twitter.com\/hashtag\/Qu%C3%A9dateEnCasa?src=hash&amp;ref_src=twsrc%5Etfw\">#Qu\u00e9dateEnCasa<\/a>\u202f, l\u00e1vate frecuentemente las manos, y si debes salir, recuerda utilizar <a href=\"https:\/\/twitter.com\/hashtag\/Cubrebocas?src=hash&amp;ref_src=twsrc%5Etfw\">#Cubrebocas<\/a>.<br><br>El cuidado de la <a href=\"https:\/\/twitter.com\/hashtag\/Salud?src=hash&amp;ref_src=twsrc%5Etfw\">#Salud<\/a>, es responsabilidad de todas y todos. <a href=\"https:\/\/t.co\/XHLls1cy9d\">pic.twitter.com\/XHLls1cy9d<\/a><\/p>&mdash; Servicios de Salud (@SSO_GobOax) <a href=\"https:\/\/twitter.com\/SSO_GobOax\/status\/1286106949407318016?ref_src=twsrc%5Etfw\">23 de julio de 2020<\/a><\/blockquote><\/div>\n<\/div><\/figure>\n\n\n\n<p>Indic\u00f3 que\nrespecto al personal de Salud que ha salido positivo a la prueba, este\nmi\u00e9rcoles suman mil 674 casos, de los cuales 518 corresponden a m\u00e9dicos, 687 a\nenfermeras y enfermeros, as\u00ed como 469 a trabajadores de otros perfiles.<\/p>\n\n\n\n<p>Detall\u00f3 que\nel 76% de los pacientes han cursado la infecci\u00f3n respiratoria, con\nsintomatolog\u00eda en etapa leve en aislamiento domiciliario, y el 23% han\nrequerido atenci\u00f3n hospitalaria; siendo el grupo de edad con m\u00e1s contagios el\nde 25 a 44 a\u00f1os con cuatro mil 203 casos y por defunciones los mayores de 65\na\u00f1os con 364 fallecimientos.<\/p>\n\n\n\n<p>Ante ello,\nexpres\u00f3 que es necesaria la implicaci\u00f3n total y responsable de toda la\nciudadan\u00eda, y reiter\u00f3 el llamado del gobernador Alejandro Murat Hinojosa, para\nque la sociedad oaxaque\u00f1a se quede en casa de manera voluntaria y de esta\nmanera no se exponga la vida y salud, principalmente de los m\u00e1s vulnerables a\ncomplicaciones por el virus.<\/p>\n","protected":false},"excerpt":{"rendered":"<p>Redacci\u00f3n\/Zona Roja. Oaxaca de Ju\u00e1rez, Oax., 22 de julio de 2020.- Al corte de este&hellip;<\/p>\n","protected":false},"author":2,"featured_media":15372,"comment_status":"closed","ping_status":"open","sticky":false,"template":"","format":"standard","meta":{"_lmt_disableupdate":"","_lmt_disable":"","_jetpack_memberships_contains_paid_content":false,"footnotes":""},"categories":[109,47],"tags":[1512],"class_list":["post-15371","post","type-post","status-publish","format-standard","has-post-thumbnail","hentry","category-minuto-a-minuto","category-zona-gris","tag-coronavirus-oaxaca"],"jetpack_featured_media_url":"https:\/\/zonaroja.com.mx\/wp-content\/uploads\/2020\/07\/SSO-1-2-2.jpeg","jetpack_sharing_enabled":true,"_links":{"self":[{"href":"https:\/\/zonaroja.com.mx\/index.php?rest_route=\/wp\/v2\/posts\/15371","targetHints":{"allow":["GET"]}}],"collection":[{"href":"https:\/\/zonaroja.com.mx\/index.php?rest_route=\/wp\/v2\/posts"}],"about":[{"href":"https:\/\/zonaroja.com.mx\/index.php?rest_route=\/wp\/v2\/types\/post"}],"author":[{"embeddable":true,"href":"https:\/\/zonaroja.com.mx\/index.php?rest_route=\/wp\/v2\/users\/2"}],"replies":[{"embeddable":true,"href":"https:\/\/zonaroja.com.mx\/index.php?rest_route=%2Fwp%2Fv2%2Fcomments&post=15371"}],"version-history":[{"count":1,"href":"https:\/\/zonaroja.com.mx\/index.php?rest_route=\/wp\/v2\/posts\/15371\/revisions"}],"predecessor-version":[{"id":15373,"href":"https:\/\/zonaroja.com.mx\/index.php?rest_route=\/wp\/v2\/posts\/15371\/revisions\/15373"}],"wp:featuredmedia":[{"embeddable":true,"href":"https:\/\/zonaroja.com.mx\/index.php?rest_route=\/wp\/v2\/media\/15372"}],"wp:attachment":[{"href":"https:\/\/zonaroja.com.mx\/index.php?rest_route=%2Fwp%2Fv2%2Fmedia&parent=15371"}],"wp:term":[{"taxonomy":"category","embeddable":true,"href":"https:\/\/zonaroja.com.mx\/index.php?rest_route=%2Fwp%2Fv2%2Fcategories&post=15371"},{"taxonomy":"post_tag","embeddable":true,"href":"https:\/\/zonaroja.com.mx\/index.php?rest_route=%2Fwp%2Fv2%2Ftags&post=15371"}],"curies":[{"name":"wp","href":"https:\/\/api.w.org\/{rel}","templated":true}]}}