{"id":15374,"date":"2020-07-22T21:38:55","date_gmt":"2020-07-23T02:38:55","guid":{"rendered":"http:\/\/www.zonaroja.com.mx\/?p=15374"},"modified":"2020-07-22T21:38:59","modified_gmt":"2020-07-23T02:38:59","slug":"extinguir-fideicomisos-publicos-sin-estructura-organica-piden-diputados-a-gobernador","status":"publish","type":"post","link":"https:\/\/zonaroja.com.mx\/?p=15374","title":{"rendered":"Extinguir fideicomisos p\u00fablicos sin estructura org\u00e1nica, piden diputados a gobernador"},"content":{"rendered":"\n<p>Redacci\u00f3n\/Zona\nRoja.<\/p>\n\n\n\n<p>&nbsp;Oaxaca de Ju\u00e1rez, Oax., 22 de julio de 2020.- En\nlos \u00faltimos a\u00f1os, un tema recurrente del debate p\u00fablico han sido los\nfideicomisos p\u00fablicos, debido a la discrecionalidad con que se manejan, gracias\nal marco jur\u00eddico que los regula que les permite funcionar a\u00fan sin estructura\norg\u00e1nica y normatividad espec\u00edfica, situaci\u00f3n que los aleja de las obligaciones\nde transparencia y rendici\u00f3n de cuentas.<\/p>\n\n\n\n<p>As\u00ed lo\nplante\u00f3 el presidente de la Junta de Coordinaci\u00f3n Pol\u00edtica de la 64\nLegislatura, Horacio Sosa, al aprobar el pleno del Congreso el exhorto al\ntitular del Poder Ejecutivo, Alejandro Murat, para que lleve a cabo los\nprocesos para extinguir o dar por terminados todos los fideicomisos p\u00fablicos\nsin estructura org\u00e1nica, mandatos o an\u00e1logos de car\u00e1cter estatal, en los que\nfunjan como unidades responsables o mandantes, as\u00ed como para que concentren los\nrecursos en la Tesorer\u00eda del Estado.<\/p>\n\n\n\n<p>La vocera\ndel grupo parlamentario de Morena, diputada Gloria S\u00e1nchez L\u00f3pez, sostuvo que\nactualmente, es pr\u00e1cticamente imposible conocer el destino final de los\nrecursos p\u00fablicos que ellos incorporan, inclusive que sean fuente de\ncorrupci\u00f3n. <\/p>\n\n\n\n<p>\u201cEstamos\nconvencidas y convencidos de vigilar que los recursos econ\u00f3micos de que\ndisponga el gobierno estatal y los municipios, as\u00ed como sus respectivas administraciones\np\u00fablicas paraestatales, se administren con austeridad, planeaci\u00f3n, eficiencia,\neficacia, econom\u00eda, transparencia y honradez\u201d, dijo.<\/p>\n\n\n\n<p>Abund\u00f3 que,\nadem\u00e1s de los rezagos hist\u00f3ricos de Oaxaca, ahora se acumulan los efectos\nnegativos que la pandemia tendr\u00e1 en la econom\u00eda y la salud f\u00edsica y mental de\nlas oaxaque\u00f1as y oaxaque\u00f1os. <\/p>\n\n\n\n<p>Esta\nprevisi\u00f3n, debe obligar a los \u00f3rganos del Poder P\u00fablico de Oaxaca, a hacer\nprovisiones para enfrentar los efectos negativos multiplicadores de la\npandemia, reactivando la econom\u00eda.<\/p>\n\n\n\n<p>Gloria\nS\u00e1nchez asegur\u00f3 que con fecha 2 de abril del a\u00f1o en curso, fue publicado en el\nDiario Oficial de la Federaci\u00f3n el decreto por el que se ordena la extinci\u00f3n o\nterminaci\u00f3n de los fideicomisos p\u00fablicos, mandatos p\u00fablicos y an\u00e1logos.<\/p>\n\n\n\n<p>Sostuvo que\nexisten datos que reportan que, para marzo de 2007 en el nivel federal se\nencontraban vigentes 589 fideicomisos, mandatos y actos jur\u00eddicos an\u00e1logos, que\nmanejaban recursos estimados en 267 mil 074.9 millones de pesos.<\/p>\n\n\n\n<p>Cifra que\npor s\u00ed misma equivaldr\u00eda a casi tres puntos porcentuales del Producto Interno\nBruto. Indic\u00f3 datos que se\u00f1alan que durante el pasado sexenio, el gobierno federal\nconstituy\u00f3 m\u00e1s de 150 fideicomisos que en su gran mayor\u00eda, no cuentan ni con el\ncontrol ni con la supervisi\u00f3n adecuados.<\/p>\n\n\n\n<p>\u201cLos \u00f3rganos\ndel poder p\u00fablico tenemos la responsabilidad pol\u00edtica y el deber moral de\ndestinar todos los recursos que sean posibles para atender la terrible\ncontingencia sanitaria que atraviesa el pa\u00eds y el estado, principalmente en\nmateria de salud, pero tambi\u00e9n para atender la crisis econ\u00f3mica que viven las\nfamilias oaxaque\u00f1as\u201d, expres\u00f3.<\/p>\n","protected":false},"excerpt":{"rendered":"<p>Redacci\u00f3n\/Zona Roja. &nbsp;Oaxaca de Ju\u00e1rez, Oax., 22 de julio de 2020.- En los \u00faltimos a\u00f1os,&hellip;<\/p>\n","protected":false},"author":2,"featured_media":15375,"comment_status":"closed","ping_status":"open","sticky":false,"template":"","format":"standard","meta":{"_lmt_disableupdate":"","_lmt_disable":"","_jetpack_memberships_contains_paid_content":false,"footnotes":""},"categories":[109,46],"tags":[213],"class_list":["post-15374","post","type-post","status-publish","format-standard","has-post-thumbnail","hentry","category-minuto-a-minuto","category-zona-blanca","tag-64-legislatura-de-oaxaca"],"jetpack_featured_media_url":"https:\/\/zonaroja.com.mx\/wp-content\/uploads\/2020\/07\/Horacio-Sosa-V.jpeg","jetpack_sharing_enabled":true,"_links":{"self":[{"href":"https:\/\/zonaroja.com.mx\/index.php?rest_route=\/wp\/v2\/posts\/15374","targetHints":{"allow":["GET"]}}],"collection":[{"href":"https:\/\/zonaroja.com.mx\/index.php?rest_route=\/wp\/v2\/posts"}],"about":[{"href":"https:\/\/zonaroja.com.mx\/index.php?rest_route=\/wp\/v2\/types\/post"}],"author":[{"embeddable":true,"href":"https:\/\/zonaroja.com.mx\/index.php?rest_route=\/wp\/v2\/users\/2"}],"replies":[{"embeddable":true,"href":"https:\/\/zonaroja.com.mx\/index.php?rest_route=%2Fwp%2Fv2%2Fcomments&post=15374"}],"version-history":[{"count":1,"href":"https:\/\/zonaroja.com.mx\/index.php?rest_route=\/wp\/v2\/posts\/15374\/revisions"}],"predecessor-version":[{"id":15376,"href":"https:\/\/zonaroja.com.mx\/index.php?rest_route=\/wp\/v2\/posts\/15374\/revisions\/15376"}],"wp:featuredmedia":[{"embeddable":true,"href":"https:\/\/zonaroja.com.mx\/index.php?rest_route=\/wp\/v2\/media\/15375"}],"wp:attachment":[{"href":"https:\/\/zonaroja.com.mx\/index.php?rest_route=%2Fwp%2Fv2%2Fmedia&parent=15374"}],"wp:term":[{"taxonomy":"category","embeddable":true,"href":"https:\/\/zonaroja.com.mx\/index.php?rest_route=%2Fwp%2Fv2%2Fcategories&post=15374"},{"taxonomy":"post_tag","embeddable":true,"href":"https:\/\/zonaroja.com.mx\/index.php?rest_route=%2Fwp%2Fv2%2Ftags&post=15374"}],"curies":[{"name":"wp","href":"https:\/\/api.w.org\/{rel}","templated":true}]}}