{"id":15377,"date":"2020-07-23T07:45:19","date_gmt":"2020-07-23T12:45:19","guid":{"rendered":"http:\/\/www.zonaroja.com.mx\/?p=15377"},"modified":"2020-07-23T07:45:22","modified_gmt":"2020-07-23T12:45:22","slug":"otorga-la-cidh-medidas-cautelares-a-victima-de-tortura-en-tlaxiaco","status":"publish","type":"post","link":"https:\/\/zonaroja.com.mx\/?p=15377","title":{"rendered":"Otorga la CIDH medidas cautelares a v\u00edctima de tortura en Tlaxiaco"},"content":{"rendered":"\n<p>Redacci\u00f3n\/Zona Roja.<\/p>\n\n\n\n<p>Oaxaca de Ju\u00e1rez, Oax., 23 de julio de\n2020.- En resoluci\u00f3n de fecha 18 de julio del 2020, la Comisi\u00f3n Interamericana\nde Derechos Humanos (CIDH), bajo el n\u00famero 38-2020, emiti\u00f3 la Medida Cautelar\nMC-636-20 \u00c1ngel Daniel y familia por la tortura aplicada por polic\u00edas de la\nHeroica Ciudad de Tlaxiaco, Oaxaca.<\/p>\n\n\n\n<p>El organismo internacional consider\u00f3\nque el asunto \u201cre\u00fane \u2018prima facie\u2019 los requisitos de gravedad, urgencia e\nirreparabilidad contenidos en el art\u00edculo 25 de su reglamento, por lo cual\nrequiri\u00f3 al Estado mexicano:<\/p>\n\n\n\n<p>a) Adopte las medidas necesarias para\nproteger los derechos a la vida e integridad personal de \u00c1ngel y su familia. Al\nrespecto, el Estado debe tanto asegurar que sus agentes respeten la vida e\nintegridad personal de las personas beneficiarias de conformidad con los\nest\u00e1ndares establecidos por el derecho internacional de los derechos humanos,\ncomo proteger sus derechos&nbsp; en relaci\u00f3n\ncon actos de riesgo que sean atribuibles a terceros;<\/p>\n\n\n\n<p>b) Concierte las medidas a\nimplementarse con las personas beneficiarias y su representante.<\/p>\n\n\n\n<p>c) Informe sobre las acciones\nadelantadas a fin de investigar los presuntos hechos que dieron lugar a la\nadopci\u00f3n de la presente resoluci\u00f3n y as\u00ed evitar su repetici\u00f3n.<\/p>\n\n\n\n<p>La CIDH tambi\u00e9n solicita a M\u00e9xico tenga\na bien informar a la Comisi\u00f3n dentro del plazo de 10 d\u00edas contados a partir de\nla fecha de la presente comunicaci\u00f3n, sobre la adopci\u00f3n de las medidas\ncautelares acordadas y actualizar dicha informaci\u00f3n en forma peri\u00f3dica.<\/p>\n\n\n\n<p>La resoluci\u00f3n fue emitida por los hechos\nocurridos el s\u00e1bado 21 de marzo del 2020, aproximadamente a las 21:45 horas, cuando\nel joven \u00c1ngel Daniel Bautista V\u00e1squez, llegaba al domicilio de sus pap\u00e1s ubicado\nen el barrio San Nicol\u00e1s de Tlaxiaco, rumbo a la carretera a San Juan Mixtepec\nen una calle que entronca a la carretera que va a Ca\u00f1ada Alejandro.<\/p>\n\n\n\n<p>En el momento en que descend\u00eda de un\nautom\u00f3vil fue agredido por elementos de la polic\u00eda municipal de la ciudad de\nTlaxiaco, quienes iban a bordo de una patrulla, efectu\u00e1ndole varios disparos de\narma de fuego, lesion\u00e1ndolo con un impacto en la pierna izquierda e\ninmediatamente se le abalanzaron, lo esposaron y se lo llevaron a un terreno\nbald\u00edo y lo torturaron y en la tortura fue fracturado de la pierna derecha.<\/p>\n\n\n\n<p>\u00c1ngel Daniel se encuentra actualmente\nen atenci\u00f3n m\u00e9dica, ya que fue intervenido quir\u00fargicamente y hasta el momento\nno ha vuelto a caminar.<\/p>\n\n\n\n<p>Con fecha 2 de abril del 202, se\npresent\u00f3 denuncia penal por el delito de tortura y dem\u00e1s que resulten en contra\nde elementos de la polic\u00eda municipal de Tlaxiaco.<\/p>\n\n\n\n<p>Oportunamente, el presidente municipal\nde Tlaxiaco, Gaudencio Ortiz Cruz, se enter\u00f3 de los hechos por el informe que\nle entrego la agenta municipal del Barrio de San Nicol\u00e1s, Tlaxiaco y hasta el\nmomento los polic\u00edas responsables siguen trabajando normalmente, sin que se les\nhaya sancionado administrativamente, inform\u00f3 el Centro de Derechos Humanos y Asesor\u00eda\na Pueblos Ind\u00edgenas A. C.<\/p>\n\n\n\n<p>Expuso que actualmente no se ha\ndetenido a ninguna persona por dichos hechos y la familia&nbsp; de la v\u00edctima ha sufrido constantes amenazas\npor parte de elementos de la polic\u00eda municipal de Tlaxiaco.<\/p>\n\n\n\n<p>El actual edil \u201cdesde que asumi\u00f3 el\nmandato se ha caracterizado por ser una persona arbitraria y que ha violentado\nconstantemente los derechos humanos de la ciudadan\u00eda tlaxiaque\u00f1a\u201d.<\/p>\n\n\n\n<p>Familiares del joven \u00c1ngel Daniel\nBautista V\u00e1squez y el Centro de Derechos Humanos y Asesor\u00eda a Pueblos Ind\u00edgenas\nA. C. solicitaron que el gobierno mexicano cumpla la medida cautelar otorgada\npor la Comisi\u00f3n Interamericana de Derechos Humanos a efecto de salvaguardar la\nintegridad f\u00edsica de los beneficiarios.<\/p>\n\n\n\n<p>Asimismo, que la Fiscal\u00eda General del\nEstado investigue los hechos de tortura que fueron denunciados oportunamente,\nbajo los lineamientos legales y est\u00e1ndares internacionales establecidos en la\nConvenci\u00f3n Interamericana para Prevenir y Sancionar la Tortura y otras normas\ninternacionales.<\/p>\n\n\n\n<p>Adem\u00e1s, que la Secretar\u00eda de Gobernaci\u00f3n\nconvoque urgentemente a una reuni\u00f3n de implementaci\u00f3n de medidas cautelares, en\nla que tambi\u00e9n deber\u00e1 ser citado el presidente municipal de Tlaxiaco por ser la\nautoridad responsable directa.<\/p>\n","protected":false},"excerpt":{"rendered":"<p>Redacci\u00f3n\/Zona Roja. Oaxaca de Ju\u00e1rez, Oax., 23 de julio de 2020.- En resoluci\u00f3n de fecha&hellip;<\/p>\n","protected":false},"author":2,"featured_media":15378,"comment_status":"closed","ping_status":"open","sticky":false,"template":"","format":"standard","meta":{"_lmt_disableupdate":"","_lmt_disable":"","_jetpack_memberships_contains_paid_content":false,"footnotes":""},"categories":[109,47],"tags":[643],"class_list":["post-15377","post","type-post","status-publish","format-standard","has-post-thumbnail","hentry","category-minuto-a-minuto","category-zona-gris","tag-heroica-ciudad-de-tlaxiaco"],"jetpack_featured_media_url":"https:\/\/zonaroja.com.mx\/wp-content\/uploads\/2020\/07\/dia-hechos.jpg","jetpack_sharing_enabled":true,"_links":{"self":[{"href":"https:\/\/zonaroja.com.mx\/index.php?rest_route=\/wp\/v2\/posts\/15377","targetHints":{"allow":["GET"]}}],"collection":[{"href":"https:\/\/zonaroja.com.mx\/index.php?rest_route=\/wp\/v2\/posts"}],"about":[{"href":"https:\/\/zonaroja.com.mx\/index.php?rest_route=\/wp\/v2\/types\/post"}],"author":[{"embeddable":true,"href":"https:\/\/zonaroja.com.mx\/index.php?rest_route=\/wp\/v2\/users\/2"}],"replies":[{"embeddable":true,"href":"https:\/\/zonaroja.com.mx\/index.php?rest_route=%2Fwp%2Fv2%2Fcomments&post=15377"}],"version-history":[{"count":1,"href":"https:\/\/zonaroja.com.mx\/index.php?rest_route=\/wp\/v2\/posts\/15377\/revisions"}],"predecessor-version":[{"id":15379,"href":"https:\/\/zonaroja.com.mx\/index.php?rest_route=\/wp\/v2\/posts\/15377\/revisions\/15379"}],"wp:featuredmedia":[{"embeddable":true,"href":"https:\/\/zonaroja.com.mx\/index.php?rest_route=\/wp\/v2\/media\/15378"}],"wp:attachment":[{"href":"https:\/\/zonaroja.com.mx\/index.php?rest_route=%2Fwp%2Fv2%2Fmedia&parent=15377"}],"wp:term":[{"taxonomy":"category","embeddable":true,"href":"https:\/\/zonaroja.com.mx\/index.php?rest_route=%2Fwp%2Fv2%2Fcategories&post=15377"},{"taxonomy":"post_tag","embeddable":true,"href":"https:\/\/zonaroja.com.mx\/index.php?rest_route=%2Fwp%2Fv2%2Ftags&post=15377"}],"curies":[{"name":"wp","href":"https:\/\/api.w.org\/{rel}","templated":true}]}}