{"id":15394,"date":"2020-07-23T16:01:05","date_gmt":"2020-07-23T21:01:05","guid":{"rendered":"http:\/\/www.zonaroja.com.mx\/?p=15394"},"modified":"2020-07-23T16:01:09","modified_gmt":"2020-07-23T21:01:09","slug":"deja-gobierno-de-oaxaca-en-el-olvido-a-familiares-de-desaparecidos-en-guila","status":"publish","type":"post","link":"https:\/\/zonaroja.com.mx\/?p=15394","title":{"rendered":"Deja gobierno de Oaxaca en el olvido a familiares de desaparecidos en G\u00fcila"},"content":{"rendered":"\n<p>Evlin Arag\u00f3n\/Zona Roja.<\/p>\n\n\n\n<p>Oaxaca de Ju\u00e1rez, Oax., 23 de julio de\n2020.- A m\u00e1s de un a\u00f1o de la retenci\u00f3n y presunto linchamiento de tres personas\nen San Felipe G\u00fcila, perteneciente al municipio de Santiago Matatl\u00e1n, Oaxaca, el\ncaso ha quedado en el olvido para las autoridades estatales, que desestimaron\nlas m\u00faltiples solicitudes de las familias de las v\u00edctimas de realizar\noperativos de b\u00fasqueda.<\/p>\n\n\n\n<p>Fue el pasado 6 de julio del 2019 que\nEverardo Cruz Ruiz, M\u00f3nica Guzm\u00e1n Soriano y Jos\u00e9 Luis Cruz Ruiz notificaron a\nsu familia que habitantes de la localidad, perteneciente a los Valles\nCentrales, amenazaban con lincharlos, sin saber el motivo, y a partir de ah\u00ed no\nvolvieron a tener noticias de su paradero.<\/p>\n\n\n\n<p>M\u00e1s de un a\u00f1o ha pasado de los hechos y\naunque las familias solicitaron, de forma inmediata y mediante oficios, la\nintervenci\u00f3n del Gobernador de Oaxaca, la Fiscal\u00eda General de Justicia del\nEstado, la Secretaria General de Gobierno y la Guardia Nacional para realizar\nla b\u00fasqueda de las tres personas, ninguna de las instancias respondi\u00f3 de forma\npositiva al llamado.<\/p>\n\n\n\n<p>Recientemente, personas allegadas a las\nfamilias recordaron el caso y denunciaron la injusticia, negligencia, mentira y\nconfabulaci\u00f3n pol\u00edtica en la desaparici\u00f3n forzada de las tres personas, que\nincluso fueron tachadas de haberse buscado su destino, sin embargo, la falta de\noperativos de b\u00fasqueda siempre ser\u00e1 responsabilidad del Gobierno de Oaxaca y\nsus deficientes instituciones.<\/p>\n\n\n\n<p>De acuerdo con familiares de Everardo,\nJos\u00e9 Luis y M\u00f3nica, previo a su desaparici\u00f3n recorrieron la \u201cRuta del Mezcal\u201d\ncon la intenci\u00f3n de adquirir la famosa bebida para una fiesta que ten\u00edan\nplaneada, sin embargo, fueron alertados de que eran perseguidos por habitantes\ndel pueblo.<\/p>\n\n\n\n<p>Sin tener m\u00e1s detalles al respecto,\nacudieron al municipio de Tlacolula de Matamoros para solicitar ayuda, as\u00ed como\na la Fiscal\u00eda General del Estado de Oaxaca para denunciar la presunta\ndesaparici\u00f3n forzada, la instancia se declar\u00f3 incompetente para hacer presencia\nen la zona debido a conflictos internos en la localidad.<\/p>\n\n\n\n<p>Por ello se solicit\u00f3 la intervenci\u00f3n de\nla Defensor\u00eda de los Derechos Humanos del Pueblo de Oaxaca, la Secretar\u00eda\nGeneral de Gobierno, el propio gobernador Alejandro Murat e incluso la Guardia\nNacional, sin que alguna de estas hiciera caso ante el llamado desesperado de\nlas familias que lo \u00fanico que buscaban era dar con el paradero de la&nbsp; mujer y los dos varones desaparecidos.<\/p>\n","protected":false},"excerpt":{"rendered":"<p>Evlin Arag\u00f3n\/Zona Roja. Oaxaca de Ju\u00e1rez, Oax., 23 de julio de 2020.- A m\u00e1s de&hellip;<\/p>\n","protected":false},"author":2,"featured_media":2534,"comment_status":"closed","ping_status":"open","sticky":false,"template":"","format":"standard","meta":{"_lmt_disableupdate":"","_lmt_disable":"","_jetpack_memberships_contains_paid_content":false,"footnotes":""},"categories":[109,47],"tags":[329],"class_list":["post-15394","post","type-post","status-publish","format-standard","has-post-thumbnail","hentry","category-minuto-a-minuto","category-zona-gris","tag-desaparecidos-san-felipe-guila"],"jetpack_featured_media_url":"https:\/\/zonaroja.com.mx\/wp-content\/uploads\/2019\/07\/Desaparecidos-G\u00fcil\u00e1.jpg","jetpack_sharing_enabled":true,"_links":{"self":[{"href":"https:\/\/zonaroja.com.mx\/index.php?rest_route=\/wp\/v2\/posts\/15394","targetHints":{"allow":["GET"]}}],"collection":[{"href":"https:\/\/zonaroja.com.mx\/index.php?rest_route=\/wp\/v2\/posts"}],"about":[{"href":"https:\/\/zonaroja.com.mx\/index.php?rest_route=\/wp\/v2\/types\/post"}],"author":[{"embeddable":true,"href":"https:\/\/zonaroja.com.mx\/index.php?rest_route=\/wp\/v2\/users\/2"}],"replies":[{"embeddable":true,"href":"https:\/\/zonaroja.com.mx\/index.php?rest_route=%2Fwp%2Fv2%2Fcomments&post=15394"}],"version-history":[{"count":1,"href":"https:\/\/zonaroja.com.mx\/index.php?rest_route=\/wp\/v2\/posts\/15394\/revisions"}],"predecessor-version":[{"id":15395,"href":"https:\/\/zonaroja.com.mx\/index.php?rest_route=\/wp\/v2\/posts\/15394\/revisions\/15395"}],"wp:featuredmedia":[{"embeddable":true,"href":"https:\/\/zonaroja.com.mx\/index.php?rest_route=\/wp\/v2\/media\/2534"}],"wp:attachment":[{"href":"https:\/\/zonaroja.com.mx\/index.php?rest_route=%2Fwp%2Fv2%2Fmedia&parent=15394"}],"wp:term":[{"taxonomy":"category","embeddable":true,"href":"https:\/\/zonaroja.com.mx\/index.php?rest_route=%2Fwp%2Fv2%2Fcategories&post=15394"},{"taxonomy":"post_tag","embeddable":true,"href":"https:\/\/zonaroja.com.mx\/index.php?rest_route=%2Fwp%2Fv2%2Ftags&post=15394"}],"curies":[{"name":"wp","href":"https:\/\/api.w.org\/{rel}","templated":true}]}}