{"id":15402,"date":"2020-07-23T21:27:09","date_gmt":"2020-07-24T02:27:09","guid":{"rendered":"http:\/\/www.zonaroja.com.mx\/?p=15402"},"modified":"2020-07-23T21:27:12","modified_gmt":"2020-07-24T02:27:12","slug":"llega-amlo-a-oaxaca-entre-dos-asesinato-asaltos-violencia-y-protesta","status":"publish","type":"post","link":"https:\/\/zonaroja.com.mx\/?p=15402","title":{"rendered":"Llega AMLO a Oaxaca, entre dos asesinato, asaltos, violencia y protesta"},"content":{"rendered":"\n<p>Ismael Garc\u00eda M.\/Zona Roja.<\/p>\n\n\n\n<p>Oaxaca de Ju\u00e1rez, Oax., 23 de julio de 2020.- El Presidente Andr\u00e9s Manuel L\u00f3pez Obrador lleg\u00f3 hoy a Oaxaca en el marco de un asesinato en Puerto Escondido y otro en Tehuantepec &#8211;zonas a las que acudir\u00e1 el fin de semana&#8211;, as\u00ed como dos asaltos en la capital, con una mujer herida, y una protesta en el acceso vial al aeropuerto internacional.<\/p>\n\n\n\n<p>El mandatario mexicano arrib\u00f3\naproximadamente a las 16:30 horas y fue recibido por el gobernador Alejandro\nMurat; pero en el crucero del acceso a la terminal a\u00e9rea con la v\u00eda federal\n175, ya lo esperaba una manifestaci\u00f3n.<\/p>\n\n\n\n<p>Transportistas y trabajadores del sector tur\u00edstico demandaron, con una lona y pancartas, atenci\u00f3n a la problem\u00e1tica que han expuesto desde hace varias semanas, de respaldo para reiniciar sus actividades y un apoyo debido a la nula actividad ante el Covid-19.<\/p>\n\n\n\n<figure class=\"wp-block-embed-twitter wp-block-embed is-type-rich is-provider-twitter\"><div class=\"wp-block-embed__wrapper\">\n<div class=\"twitter-tweet\"><blockquote class=\"twitter-tweet\" data-lang=\"es\"><p lang=\"es\" dir=\"ltr\"><a href=\"https:\/\/twitter.com\/hashtag\/%C3%9AltimoMinuto?src=hash&amp;ref_src=twsrc%5Etfw\">#\u00daltimoMinuto<\/a> <br>El Presidente de <a href=\"https:\/\/twitter.com\/hashtag\/M%C3%A9xico?src=hash&amp;ref_src=twsrc%5Etfw\">#M\u00e9xico<\/a>, <a href=\"https:\/\/twitter.com\/lopezobrador_?ref_src=twsrc%5Etfw\">@lopezobrador_<\/a>, llega a <a href=\"https:\/\/twitter.com\/hashtag\/Oaxaca?src=hash&amp;ref_src=twsrc%5Etfw\">#Oaxaca<\/a>&#8230; y lo reciben con protestas de trabajadores del sector tur\u00edstico, ante la nula atenci\u00f3n del <a href=\"https:\/\/twitter.com\/GobOax?ref_src=twsrc%5Etfw\">@GobOax<\/a>. <a href=\"https:\/\/t.co\/czM1uqzJLz\">pic.twitter.com\/czM1uqzJLz<\/a><\/p>&mdash; Zona Roja Oaxaca (@MexRoja) <a href=\"https:\/\/twitter.com\/MexRoja\/status\/1286416463843057664?ref_src=twsrc%5Etfw\">23 de julio de 2020<\/a><\/blockquote><\/div>\n<\/div><\/figure>\n\n\n\n<p>El mandatario abri\u00f3 a la mitad la\nventanilla de su camioneta y se limit\u00f3 a decir que los iban a atender, tras lo\ncual se instal\u00f3 en un hotel de la zona de Plaza del Valle, en la avenida\nUniversidad de la capital.<\/p>\n\n\n\n<p>Por otra parte, aproximadamente a las\n19:00 horas, se report\u00f3 el asesinato de una persona en Puerto Escondido, en\nzona del municipio de Santa Mar\u00eda Colotepec. <\/p>\n\n\n\n<p>Fue en la colonia Tamarindo Colotepec\nen que fue localizado el cuerpo de quien hasta ahora es identificado como \u201cVaru\u201d\ny presenta diversos disparos de arma de fuego; no hay pistas de los agresores.<\/p>\n\n\n\n<p>Minutos m\u00e1s tarde, se dio a conocer el asesinato con disparos de arma de fuego de otro individuo, \u00e9ste en el fraccionamiento Guiengola de Santo Domingo Tehuantepec, municipio que se prev\u00e9 visite L\u00f3pez Obrador ma\u00f1ana; hasta el momento no hay m\u00e1s detalles de este caso.<\/p>\n\n\n\n<figure class=\"wp-block-embed-twitter wp-block-embed is-type-rich is-provider-twitter\"><div class=\"wp-block-embed__wrapper\">\n<div class=\"twitter-tweet\"><blockquote class=\"twitter-tweet\" data-lang=\"es\"><p lang=\"es\" dir=\"ltr\"><a href=\"https:\/\/twitter.com\/hashtag\/OaxacaRojo?src=hash&amp;ref_src=twsrc%5Etfw\">#OaxacaRojo<\/a><br>Como Linda Gisel fue identificada  preliminarmente la mujer lesionada de bala hoy en sucursal <a href=\"https:\/\/twitter.com\/Citibanamex?ref_src=twsrc%5Etfw\">@Citibanamex<\/a>, avenida Fuerza A\u00e9rea Mexicana, capital de Oaxaca, tras intento de asalto. <br>Cada d\u00eda m\u00e1s grave la inseguridad en el <a href=\"https:\/\/twitter.com\/MunicipioOaxaca?ref_src=twsrc%5Etfw\">@MunicipioOaxaca<\/a> que preside <a href=\"https:\/\/twitter.com\/oswaldogarciaj?ref_src=twsrc%5Etfw\">@oswaldogarciaj<\/a>. <a href=\"https:\/\/t.co\/MhzvT4FpQs\">pic.twitter.com\/MhzvT4FpQs<\/a><\/p>&mdash; Zona Roja Oaxaca (@MexRoja) <a href=\"https:\/\/twitter.com\/MexRoja\/status\/1286377591931199488?ref_src=twsrc%5Etfw\">23 de julio de 2020<\/a><\/blockquote><\/div>\n<\/div><\/figure>\n\n\n\n<p>En la ciudad de Oaxaca, ocurrieron dos\nasaltos, uno de ellos con saldo sangriento, ocurrido en el exterior de la\nsucursal de Banamex, ubicada en la calle Fuerza A\u00e9rea Mexicana esquina con\nDalias.<\/p>\n\n\n\n<p>Una pareja sal\u00eda del banco cuando dos\nsujetos provistos de armas de fuego la intercept\u00f3; en el forcejeo para intentar\nquitarle a la mujer una bolsa, se accion\u00f3 el arma de fuego, cuya bala dio en la\npierna de la femenina, identificada preliminarmente como Linde Gisel; los\ndelincuentes lograron huir en una motocicleta.<\/p>\n\n\n\n<p>Minutos despu\u00e9s, en inmediaciones de\nlas riberas del r\u00edo Atoyac, otra persona fue enca\u00f1onada con arma de fuego,\ncuando viajaba a bordo de una camioneta, marca Nissan, con placas de\ncirculaci\u00f3n LO-76824, a quien despojaron de dinero y celular as\u00ed como las\nllaves del veh\u00edculo, tras lo cual huyeron a bordo de una motocicleta.<\/p>\n\n\n\n<p>En todos los casos delictivos de este\njueves, no hay personas detenidas.<\/p>\n","protected":false},"excerpt":{"rendered":"<p>Ismael Garc\u00eda M.\/Zona Roja. Oaxaca de Ju\u00e1rez, Oax., 23 de julio de 2020.- El Presidente&hellip;<\/p>\n","protected":false},"author":2,"featured_media":15403,"comment_status":"closed","ping_status":"open","sticky":false,"template":"","format":"standard","meta":{"_lmt_disableupdate":"","_lmt_disable":"","_jetpack_memberships_contains_paid_content":false,"footnotes":""},"categories":[109,51],"tags":[143,125],"class_list":["post-15402","post","type-post","status-publish","format-standard","has-post-thumbnail","hentry","category-minuto-a-minuto","category-zona-roja","tag-andres-manuel-lopez-obrador","tag-santo-domingo-tehuantepec"],"jetpack_featured_media_url":"https:\/\/zonaroja.com.mx\/wp-content\/uploads\/2020\/07\/Ejecutado-Colotepec.jpg","jetpack_sharing_enabled":true,"_links":{"self":[{"href":"https:\/\/zonaroja.com.mx\/index.php?rest_route=\/wp\/v2\/posts\/15402","targetHints":{"allow":["GET"]}}],"collection":[{"href":"https:\/\/zonaroja.com.mx\/index.php?rest_route=\/wp\/v2\/posts"}],"about":[{"href":"https:\/\/zonaroja.com.mx\/index.php?rest_route=\/wp\/v2\/types\/post"}],"author":[{"embeddable":true,"href":"https:\/\/zonaroja.com.mx\/index.php?rest_route=\/wp\/v2\/users\/2"}],"replies":[{"embeddable":true,"href":"https:\/\/zonaroja.com.mx\/index.php?rest_route=%2Fwp%2Fv2%2Fcomments&post=15402"}],"version-history":[{"count":1,"href":"https:\/\/zonaroja.com.mx\/index.php?rest_route=\/wp\/v2\/posts\/15402\/revisions"}],"predecessor-version":[{"id":15404,"href":"https:\/\/zonaroja.com.mx\/index.php?rest_route=\/wp\/v2\/posts\/15402\/revisions\/15404"}],"wp:featuredmedia":[{"embeddable":true,"href":"https:\/\/zonaroja.com.mx\/index.php?rest_route=\/wp\/v2\/media\/15403"}],"wp:attachment":[{"href":"https:\/\/zonaroja.com.mx\/index.php?rest_route=%2Fwp%2Fv2%2Fmedia&parent=15402"}],"wp:term":[{"taxonomy":"category","embeddable":true,"href":"https:\/\/zonaroja.com.mx\/index.php?rest_route=%2Fwp%2Fv2%2Fcategories&post=15402"},{"taxonomy":"post_tag","embeddable":true,"href":"https:\/\/zonaroja.com.mx\/index.php?rest_route=%2Fwp%2Fv2%2Ftags&post=15402"}],"curies":[{"name":"wp","href":"https:\/\/api.w.org\/{rel}","templated":true}]}}