{"id":15408,"date":"2020-07-23T21:59:26","date_gmt":"2020-07-24T02:59:26","guid":{"rendered":"http:\/\/www.zonaroja.com.mx\/?p=15408"},"modified":"2020-07-23T22:00:09","modified_gmt":"2020-07-24T03:00:09","slug":"registra-oaxaca-otra-alza-de-casos-covid-248-en-un-dia","status":"publish","type":"post","link":"https:\/\/zonaroja.com.mx\/?p=15408","title":{"rendered":"Registra Oaxaca otra alza de casos Covid: 248 en un d\u00eda"},"content":{"rendered":"\n<p>Redacci\u00f3n\/Zona Roja.<\/p>\n\n\n\n<p>Oaxaca de Ju\u00e1rez, Oax., 23 de julio de\n2020.- En el cuarto d\u00eda en sem\u00e1foro rojo, Oaxaca registr\u00f3 en las \u00faltimas 24\nhoras, 248 casos nuevos de Covid-19, que suman nueve mil 337 casos confirmados\na COVID-19.<\/p>\n\n\n\n<p>En un comunicado, la dependencia\nServicios de Salud de Oaxaca se\u00f1al\u00f3 que se han notificado 14 mil 472 casos.<\/p>\n\n\n\n<p>De ellos, cuatro mil 177 han sido\nnegativos, 958 son sospechosos en espera de resultados por laboratorio, siete\nmil 920 se han recuperado, lamentablemente se contabilizan 11 defunciones que\nsuman 861 y hay 556 casos activos.<\/p>\n\n\n\n<p>La Jurisdicci\u00f3n Sanitaria n\u00famero uno\nValles Centrales, reporta seis mil 130 casos y 440 defunciones; Tuxtepec mil\n304 y 196 defunciones; Istmo 874 y 116 defunciones; Mixteca 505 y 49\ndefunciones; Costa 360 y 33 defunciones, y la Sierra 164 y 27 defunciones.<\/p>\n\n\n\n<p>Mencion\u00f3 que los 248 casos nuevos se registran en 46 municipios, de los cuales el que mayor n\u00famero presenta es Oaxaca de Ju\u00e1rez con 63, seguido de Salina Cruz con 18, Santa Luc\u00eda del Camino 17, Santa Cruz Xoxocotl\u00e1n 14, Villa de Zaachila 11, Juchit\u00e1n de Zaragoza ocho, San Juan Bautista Tuxtepec, Huajuapan de Le\u00f3n, Ocotl\u00e1n de Morelos y Santa Cruz Amilpas seis cada uno, el resto cinco, cuatro, tres, dos y uno.<\/p>\n\n\n\n<figure class=\"wp-block-embed-twitter wp-block-embed is-type-rich is-provider-twitter\"><div class=\"wp-block-embed__wrapper\">\n<div class=\"twitter-tweet\"><blockquote class=\"twitter-tweet\" data-lang=\"es\"><p lang=\"es\" dir=\"ltr\">Por ti y por tu familia, mant\u00e9n las medidas de prevenci\u00f3n contra el <a href=\"https:\/\/twitter.com\/hashtag\/COVID19?src=hash&amp;ref_src=twsrc%5Etfw\">#COVID19<\/a>.<br><br>Si debes salir de tu hogar, utiliza <a href=\"https:\/\/twitter.com\/hashtag\/Cubrebocas?src=hash&amp;ref_src=twsrc%5Etfw\">#Cubrebocas<\/a>, mant\u00e9n <a href=\"https:\/\/twitter.com\/hashtag\/SanaDistancia?src=hash&amp;ref_src=twsrc%5Etfw\">#SanaDistancia<\/a>, l\u00e1vate las manos frecuentemente, evita realizar o acudir a reuniones, y en la medida de lo posible <a href=\"https:\/\/twitter.com\/hashtag\/Qu%C3%A9dateEnCasa?src=hash&amp;ref_src=twsrc%5Etfw\">#Qu\u00e9dateEnCasa<\/a>.<a href=\"https:\/\/twitter.com\/hashtag\/ElijeLaVida?src=hash&amp;ref_src=twsrc%5Etfw\">#ElijeLaVida<\/a> <a href=\"https:\/\/t.co\/UAGMdfGOTQ\">pic.twitter.com\/UAGMdfGOTQ<\/a><\/p>&mdash; Servicios de Salud (@SSO_GobOax) <a href=\"https:\/\/twitter.com\/SSO_GobOax\/status\/1286473544302559235?ref_src=twsrc%5Etfw\">24 de julio de 2020<\/a><\/blockquote><\/div>\n<\/div><\/figure>\n\n\n\n<p>De las 861 defunciones registradas, el\ngrupo de edad que m\u00e1s se ve afectado es el rango de 65 y m\u00e1s a\u00f1os con 371; el\nde 50 a 59 con 212; el de 60 a 64 con 117. Las comorbilidades asociadas a\ndichas defunciones son diabetes, hipertensi\u00f3n arterial, obesidad e\ninsuficiencia renal. Por sexo 552 son hombres y 309 son mujeres.<\/p>\n\n\n\n<p>Se\u00f1al\u00f3 que por ocupaci\u00f3n hospitalaria\npara esta jornada global de las camas destinadas para pacientes Covid-19, se\ntiene un registro del 49.9%, los SSO 43.1%, HRAEO 48.4%, el Hospital de la\nNi\u00f1ez Oaxaque\u00f1a 100%, Sedena 46.2%, ISSSTE 72%, IMSS r\u00e9gimen ordinario 56.6%,\nIMSS Bienestar 20.5%, Pemex 100% y Semar 93.3%.<\/p>\n\n\n\n<p>\u201cEs importante recordar a la poblaci\u00f3n\nque Oaxaca contin\u00faa en una fase de alto nivel de contagio y ante cualquier\nsintomatolog\u00eda se debe llamar a los tel\u00e9fonos: 800 770 8437, 951 516 8242, 951\n516 12 20 y 951 297 5741\u201d, expuso.<\/p>\n\n\n\n<p>Asimismo, los SSO invitan a seguir con\nlas medidas de prevenci\u00f3n que ha recomendado la Secretar\u00eda de Salud estatal y\nfederal, como la sana distancia, uso de cubrebocas, lavado frecuente de manos y\naislamiento en casa en la medida de lo posible.<\/p>\n","protected":false},"excerpt":{"rendered":"<p>Redacci\u00f3n\/Zona Roja. Oaxaca de Ju\u00e1rez, Oax., 23 de julio de 2020.- En el cuarto d\u00eda&hellip;<\/p>\n","protected":false},"author":2,"featured_media":15409,"comment_status":"closed","ping_status":"open","sticky":false,"template":"","format":"standard","meta":{"_lmt_disableupdate":"","_lmt_disable":"","_jetpack_memberships_contains_paid_content":false,"footnotes":""},"categories":[109,47],"tags":[1512],"class_list":["post-15408","post","type-post","status-publish","format-standard","has-post-thumbnail","hentry","category-minuto-a-minuto","category-zona-gris","tag-coronavirus-oaxaca"],"jetpack_featured_media_url":"https:\/\/zonaroja.com.mx\/wp-content\/uploads\/2020\/07\/SSO-1-3-1.jpeg","jetpack_sharing_enabled":true,"_links":{"self":[{"href":"https:\/\/zonaroja.com.mx\/index.php?rest_route=\/wp\/v2\/posts\/15408","targetHints":{"allow":["GET"]}}],"collection":[{"href":"https:\/\/zonaroja.com.mx\/index.php?rest_route=\/wp\/v2\/posts"}],"about":[{"href":"https:\/\/zonaroja.com.mx\/index.php?rest_route=\/wp\/v2\/types\/post"}],"author":[{"embeddable":true,"href":"https:\/\/zonaroja.com.mx\/index.php?rest_route=\/wp\/v2\/users\/2"}],"replies":[{"embeddable":true,"href":"https:\/\/zonaroja.com.mx\/index.php?rest_route=%2Fwp%2Fv2%2Fcomments&post=15408"}],"version-history":[{"count":2,"href":"https:\/\/zonaroja.com.mx\/index.php?rest_route=\/wp\/v2\/posts\/15408\/revisions"}],"predecessor-version":[{"id":15411,"href":"https:\/\/zonaroja.com.mx\/index.php?rest_route=\/wp\/v2\/posts\/15408\/revisions\/15411"}],"wp:featuredmedia":[{"embeddable":true,"href":"https:\/\/zonaroja.com.mx\/index.php?rest_route=\/wp\/v2\/media\/15409"}],"wp:attachment":[{"href":"https:\/\/zonaroja.com.mx\/index.php?rest_route=%2Fwp%2Fv2%2Fmedia&parent=15408"}],"wp:term":[{"taxonomy":"category","embeddable":true,"href":"https:\/\/zonaroja.com.mx\/index.php?rest_route=%2Fwp%2Fv2%2Fcategories&post=15408"},{"taxonomy":"post_tag","embeddable":true,"href":"https:\/\/zonaroja.com.mx\/index.php?rest_route=%2Fwp%2Fv2%2Ftags&post=15408"}],"curies":[{"name":"wp","href":"https:\/\/api.w.org\/{rel}","templated":true}]}}