{"id":1541,"date":"2019-06-06T20:36:52","date_gmt":"2019-06-07T01:36:52","guid":{"rendered":"http:\/\/www.zonaroja.com.mx\/?p=1541"},"modified":"2019-06-06T20:44:45","modified_gmt":"2019-06-07T01:44:45","slug":"seguridad-en-oaxaca-dos-anos-y-medio-de-fracasos-con-operativos-de-ocurrencia","status":"publish","type":"post","link":"https:\/\/zonaroja.com.mx\/?p=1541","title":{"rendered":"Seguridad en Oaxaca: dos a\u00f1os y medio de fracasos con operativos de ocurrencia"},"content":{"rendered":"\n<figure class=\"wp-block-image\"><img decoding=\"async\" width=\"1024\" height=\"768\" src=\"http:\/\/www.zonaroja.com.mx\/wp-content\/uploads\/2019\/06\/Oaxaca-violencia-1024x768.jpg\" alt=\"\" class=\"wp-image-1544\" srcset=\"https:\/\/zonaroja.com.mx\/wp-content\/uploads\/2019\/06\/Oaxaca-violencia-1024x768.jpg 1024w, https:\/\/zonaroja.com.mx\/wp-content\/uploads\/2019\/06\/Oaxaca-violencia-300x225.jpg 300w, https:\/\/zonaroja.com.mx\/wp-content\/uploads\/2019\/06\/Oaxaca-violencia-768x576.jpg 768w, https:\/\/zonaroja.com.mx\/wp-content\/uploads\/2019\/06\/Oaxaca-violencia-1170x878.jpg 1170w, https:\/\/zonaroja.com.mx\/wp-content\/uploads\/2019\/06\/Oaxaca-violencia-1920x1440.jpg 1920w, https:\/\/zonaroja.com.mx\/wp-content\/uploads\/2019\/06\/Oaxaca-violencia-585x439.jpg 585w, https:\/\/zonaroja.com.mx\/wp-content\/uploads\/2019\/06\/Oaxaca-violencia.jpg 2000w\" sizes=\"(max-width: 1024px) 100vw, 1024px\" \/><figcaption>Foto: Zona Roja<\/figcaption><\/figure>\n\n\n\n<p>Oaxaca de\nJu\u00e1rez, Oax., 5 de junio de 2019- El saldo en menos de 24 horas fue de seis\nasesinados: dos masacrados en San Juan Mixtepec, entre ellos una menor de un\na\u00f1o y meses de edad; dos en Huajuapan de Le\u00f3n durante un ataque armado.<\/p>\n\n\n\n<p>Uno m\u00e1s\nultimado a balazos en Coatecas Altas, municipio del distrito de Ejutla, y un\ncuerpo putrefacto, con huellas de tortura, hallado en inmediaciones de la zona\narqueol\u00f3gica de Dainz\u00fa, San Mateo Macuilx\u00f3chitl, Tlacolula.<\/p>\n\n\n\n<p>Es apenas el\nrecuento de un d\u00eda, entre la tarde del martes y el transcurso del mi\u00e9rcoles 5\nde junio, pero la ola criminal es incesante. Un d\u00eda son descuartizados y\ndescabezados \u2013como ocurri\u00f3 el pasado martes en San Mateo Pi\u00f1as&#8211;; otro d\u00eda son\nemboscados; en otras ocasiones son calcinados, torturados, maniatados,\ndescuartizados&#8230;<\/p>\n\n\n\n<p>CRECIENTE\nVIOLENCIA<\/p>\n\n\n\n<p>De acuerdo\ncon el Secretariado Ejecutivo del Sistema Nacional de Seguridad P\u00fablica, de\nenero a abril de este a\u00f1o un total de 346 personas asesinadas y la mayor\u00eda de\nlos cr\u00edmenes se perpetraron con un arma de fuego.<\/p>\n\n\n\n<p>Tan s\u00f3lo en\nabril ocurrieron 95 homicidios dolosos, lo que sit\u00faa a ese mes como el m\u00e1s\nviolento del a\u00f1o.<\/p>\n\n\n\n<p>TRIADA\nINCAPAZ<\/p>\n\n\n\n<p>Con el\narranque del sexenio que encabeza el gobernador Alejandro Murat Hinojosa, el 1\nde diciembre de 2016, lleg\u00f3 una triada que se mantiene en sus puestos pese a la\nola criminal, cada vez con m\u00e1s tinte del crimen organizado.<\/p>\n\n\n\n<p>Jos\u00e9 Manuel\nVera Salinas como Secretariado Ejecutivo del Sistema Estatal de Seguridad\nP\u00fablica; Jos\u00e9 Raymundo Tu\u00f1\u00f3n J\u00e1uregui, como secretario de Seguridad P\u00fablica, y\nJos\u00e9 Aniceto S\u00e1nchez Saldierna como comisionado de la Polic\u00eda Estatal, han\nresultado incapaces para detener la ola violenta.<\/p>\n\n\n\n<p>Los tres\nfor\u00e1neos y los tres surgidos de la Secretar\u00eda de Marina; el primero de ellos\nlleg\u00f3 de la mano del entonces gobernador Jos\u00e9 Murat Casab, como escolta, y\nposteriormente se especializ\u00f3 en espionaje; se le acusa tambi\u00e9n de ser uno de\nlos cabecillas de la represi\u00f3n hacia el magisterio, en el a\u00f1o 2006.<\/p>\n\n\n\n<p>Los otros\ndos, originarios del estado de Coahuila, que por tener a\u00fan desconocimiento de\nla idiosincrasia y la din\u00e1mica de los pueblos ind\u00edgenas, no han recorrido ni la\ncuarta parte de los 570 municipios del estado. <\/p>\n\n\n\n<p>El capit\u00e1n\nTu\u00f1\u00f3n J\u00e1uregui, tampoco ha podido hasta ahora resolver conflictos personales\ncon su anterior esposa, que d\u00eda con d\u00eda le revela secretos y lo exhibe a trav\u00e9s\nde las redes sociales, lo que ha minado su autoridad moral a\u00fan entre la tropa.<\/p>\n\n\n\n<p>OPERATIVOS\nOCURRENTES<\/p>\n\n\n\n<p>En el Plan\nEstatal de Desarrollo no se especifica con claridad las pol\u00edticas en materia de\nseguridad p\u00fablica y \u00e9stas se han reflejado pr\u00e1cticamente en ocurrencias. <\/p>\n\n\n\n<p>Apenas\nsucede un delito de alto impacto, de inmediato se implementan operativos cuyos\nnombres surgen del imaginario de los mandos policiacos, que posan solamente\npara las fotos: son temporales, no cubren las expectativas y desaparecen al\ncorto tiempo.<\/p>\n\n\n\n<p>Al menos una\ndocena de dispositivos, bajo distintos nombres, se cuentan en dos a\u00f1os y medio\nde gobierno, adem\u00e1s de las Bases de Operaciones Mixtas (BOM), que se colocan y\nretiran al d\u00eda siguiente.<\/p>\n\n\n\n<p>\u201cSellamiento\u201d,\n\u201cCentinela\u201d, Fuerza Especial de Seguridad Oaxaca (FESO) son algunos de los\nnombres de los operativos temporales, cuyos resultados en la gran mayor\u00eda de\nlos casos son detenci\u00f3n de personas alcoholizadas o veh\u00edculos con documentaci\u00f3n\nirregular.<\/p>\n\n\n\n<p>A principios\nde febrero de 2018, fueron ejecutadas con sa\u00f1a cinco personas en San Juan\nBautista Tuxtepec, lo que motiv\u00f3 un aparatoso despliegue policiaco\u2026 lo mismo\nhicieron en agosto, noviembre y cada vez que la situaci\u00f3n medi\u00e1tica lo amerite\npor lo delicado del caso.<\/p>\n\n\n\n<p>El 27 de\nfebrero del a\u00f1o pasado fue asesinado en su domicilio de la capital oaxaque\u00f1a el\nempresario Francisco Silva Cancino, a quien adem\u00e1s robaron; su veh\u00edculo fue\nhallado calcinado horas despu\u00e9s en Zaachila.<\/p>\n\n\n\n<p>Esa misma\nnoche, mandos policiacos, entre ellos el secretario Tu\u00f1\u00f3n J\u00e1uregui, y el fiscal\nGeneral del Estado, Rub\u00e9n Vasconcelos M\u00e9ndez, implementaron un operativo e\nincluso caminaron varias cuadras de la capital; tambi\u00e9n el patrullaje fue\ntemporal.<\/p>\n\n\n\n<p>M\u00c1S\nOPERATIVOS<\/p>\n\n\n\n<p>A principios\nde mayo, la Secretar\u00eda de Seguridad P\u00fablica inici\u00f3 un en\u00e9simo operativo,\ndenominado \u201cCentinela\u201d, en que han recorrido bares en Santa Luc\u00eda del Camino,\nSalina Cruz, Tehuantepec y Tuxtepec, pero s\u00f3lo han logrado el cierre de algunos\nestablecimientos, facultad de los ayuntamientos.<\/p>\n\n\n\n<p>As\u00ed mismo,\nhan decomisado peque\u00f1as cantidades de estupefacientes y han puesto a\ndisposici\u00f3n no m\u00e1s de 10 personas ante el Ministerio P\u00fablico. <\/p>\n\n\n\n<p>Menci\u00f3n\naparte cuando menos cuatro operativos este a\u00f1o en la Central de Abasto de la\ncapital, en que ha participado el Ej\u00e9rcito Mexicano, con resultados m\u00ednimos;\napenas el 2 de junio en esa zona fueron asesinadas dos personas, Ren\u00e9\nHern\u00e1ndez, dirigente regional del CATEM, y su escolta, cuyos casos no se han\nesclarecido.<\/p>\n\n\n\n<p>Por otra\nparte, una de las estrategias del nuevo gobierno federal, que encabeza Andr\u00e9s\nManuel L\u00f3pez Obrador, fue crear secretar\u00edas t\u00e9cnicas de la Coordinaci\u00f3n\nTerritorial para la Construcci\u00f3n de la paz. <\/p>\n\n\n\n<p>En el caso\nde Oaxaca, cada semana se llevan a cabo reuniones, en las que participa la\nactual responsable de esa instancia, Karina Bar\u00f3n, pero ni as\u00ed se ha\ndesalentado la delincuencia, que ha sentado sus reales en la Costa, Istmo de\nTehuantepec, Cuenca del Papaloapan, Ca\u00f1ada, Mixteca y Valles Centrales, y cada\nd\u00eda se extiende.<\/p>\n\n\n\n<p>La esperanza\ndel Gobierno del Estado es la Guardia Nacional, pero \u00e9sta a\u00fan no est\u00e1\nconsiderada para Oaxaca. (Continuar\u00e1).<\/p>\n\n\n","protected":false},"excerpt":{"rendered":"<p>Oaxaca de Ju\u00e1rez, Oax., 5 de junio de 2019- El saldo en menos de 24&hellip;<\/p>\n","protected":false},"author":2,"featured_media":0,"comment_status":"closed","ping_status":"open","sticky":false,"template":"","format":"standard","meta":{"_lmt_disableupdate":"","_lmt_disable":"","_jetpack_memberships_contains_paid_content":false,"footnotes":""},"categories":[1],"tags":[],"class_list":["post-1541","post","type-post","status-publish","format-standard","hentry","category-sin-categoria"],"jetpack_featured_media_url":"","jetpack_sharing_enabled":true,"_links":{"self":[{"href":"https:\/\/zonaroja.com.mx\/index.php?rest_route=\/wp\/v2\/posts\/1541","targetHints":{"allow":["GET"]}}],"collection":[{"href":"https:\/\/zonaroja.com.mx\/index.php?rest_route=\/wp\/v2\/posts"}],"about":[{"href":"https:\/\/zonaroja.com.mx\/index.php?rest_route=\/wp\/v2\/types\/post"}],"author":[{"embeddable":true,"href":"https:\/\/zonaroja.com.mx\/index.php?rest_route=\/wp\/v2\/users\/2"}],"replies":[{"embeddable":true,"href":"https:\/\/zonaroja.com.mx\/index.php?rest_route=%2Fwp%2Fv2%2Fcomments&post=1541"}],"version-history":[{"count":3,"href":"https:\/\/zonaroja.com.mx\/index.php?rest_route=\/wp\/v2\/posts\/1541\/revisions"}],"predecessor-version":[{"id":1547,"href":"https:\/\/zonaroja.com.mx\/index.php?rest_route=\/wp\/v2\/posts\/1541\/revisions\/1547"}],"wp:attachment":[{"href":"https:\/\/zonaroja.com.mx\/index.php?rest_route=%2Fwp%2Fv2%2Fmedia&parent=1541"}],"wp:term":[{"taxonomy":"category","embeddable":true,"href":"https:\/\/zonaroja.com.mx\/index.php?rest_route=%2Fwp%2Fv2%2Fcategories&post=1541"},{"taxonomy":"post_tag","embeddable":true,"href":"https:\/\/zonaroja.com.mx\/index.php?rest_route=%2Fwp%2Fv2%2Ftags&post=1541"}],"curies":[{"name":"wp","href":"https:\/\/api.w.org\/{rel}","templated":true}]}}