{"id":15416,"date":"2020-07-24T08:51:44","date_gmt":"2020-07-24T13:51:44","guid":{"rendered":"http:\/\/www.zonaroja.com.mx\/?p=15416"},"modified":"2020-07-24T08:51:47","modified_gmt":"2020-07-24T13:51:47","slug":"promueve-poder-judicial-curso-en-linea-sobre-tipos-penales","status":"publish","type":"post","link":"https:\/\/zonaroja.com.mx\/?p=15416","title":{"rendered":"Promueve Poder Judicial curso en l\u00ednea sobre tipos penales"},"content":{"rendered":"\n<p>Redacci\u00f3n\/Zona Roja.<\/p>\n\n\n\n<p>Oaxaca de Ju\u00e1rez, Oax., 24 de julio de\n2020.- En las estrategias de capacitaci\u00f3n y formaci\u00f3n a distancia, el Poder\nJudicial del Estado a trav\u00e9s de la Escuela Judicial impartir\u00e1 a servidoras y\nservidores p\u00fablicos de la instituci\u00f3n, el curso en l\u00ednea \u201cAn\u00e1lisis de tipos\npenales a la luz de la teor\u00eda del delito\u201d, a cargo del doctor Iv\u00e1n del Llano\nGranados, Acad\u00e9mico del Instituto Nacional de Ciencias Penales (INACIPE).<\/p>\n\n\n\n<p>El docente, quien cuenta con una\nreconocida trayectoria, se ha desempe\u00f1ado como profesor de maestr\u00eda en\ndistintas universidades del pa\u00eds, como la Universidad de Tamaulipas, Hidalgo,\nVeracruz, An\u00e1huac del Sur, en la Universidad An\u00e1huac del Norte y en la\nProcuradur\u00eda General de la Rep\u00fablica.<\/p>\n\n\n\n<p>Adem\u00e1s, es autor de los cursos en l\u00ednea\n\u201cAn\u00e1lisis de los delitos federales a la luz de la teor\u00eda del delito\u201d y \u201cCurso\nde actualizaci\u00f3n para el Ministerio P\u00fablico Federal en el \u00e1rea jur\u00eddico penal\u201d,\nsolicitados por la Procuradur\u00eda General de la Rep\u00fablica.<\/p>\n\n\n\n<p>El objetivo del curso es proporcionar a\nlas y los operadores jurisdiccionales del Poder Judicial, la informaci\u00f3n\nfundamental, a fin de que su actuaci\u00f3n oriente a conocer los elementos del\ndelito y los propuestos b\u00e1sicos de \u00e9ste, en funci\u00f3n del an\u00e1lisis de las\ncategor\u00edas del hecho punible, es decir, la conducta fuera de la ley.<\/p>\n\n\n\n<p>Durante la capacitaci\u00f3n, con una\nduraci\u00f3n de 30 horas, se revisar\u00e1n aspectos como los presupuestos b\u00e1sicos; la\ndiferencia entre el tipo y tipicidad explicando ambos conceptos y sus\nelementos. Asimismo, se identificar\u00e1n los elementos objetivos, normativos y\nsubjetivos de tipo penal.<\/p>\n\n\n\n<p>Otros temas a revisarse son las teor\u00edas\nsobre la culpabilidad: su concepto, situaci\u00f3n actual en la legislaci\u00f3n vigente\ny las diversas formas de inculpabilidad.<\/p>\n\n\n\n<p>Con este tipo de cursos, la\nadministraci\u00f3n del Poder Judicial del Estado que encabeza el Magistrado Eduardo\nPinacho S\u00e1nchez, refrenda su compromiso de continuar con la capacitaci\u00f3n en\ntemas de impartici\u00f3n de justicia al personal de la instituci\u00f3n.<\/p>\n","protected":false},"excerpt":{"rendered":"<p>Redacci\u00f3n\/Zona Roja. Oaxaca de Ju\u00e1rez, Oax., 24 de julio de 2020.- En las estrategias de&hellip;<\/p>\n","protected":false},"author":2,"featured_media":15417,"comment_status":"closed","ping_status":"open","sticky":false,"template":"","format":"standard","meta":{"_lmt_disableupdate":"","_lmt_disable":"","_jetpack_memberships_contains_paid_content":false,"footnotes":""},"categories":[109,46],"tags":[223],"class_list":["post-15416","post","type-post","status-publish","format-standard","has-post-thumbnail","hentry","category-minuto-a-minuto","category-zona-blanca","tag-poder-judicial-de-oaxaca"],"jetpack_featured_media_url":"https:\/\/zonaroja.com.mx\/wp-content\/uploads\/2020\/07\/02-ivan.jpg","jetpack_sharing_enabled":true,"_links":{"self":[{"href":"https:\/\/zonaroja.com.mx\/index.php?rest_route=\/wp\/v2\/posts\/15416","targetHints":{"allow":["GET"]}}],"collection":[{"href":"https:\/\/zonaroja.com.mx\/index.php?rest_route=\/wp\/v2\/posts"}],"about":[{"href":"https:\/\/zonaroja.com.mx\/index.php?rest_route=\/wp\/v2\/types\/post"}],"author":[{"embeddable":true,"href":"https:\/\/zonaroja.com.mx\/index.php?rest_route=\/wp\/v2\/users\/2"}],"replies":[{"embeddable":true,"href":"https:\/\/zonaroja.com.mx\/index.php?rest_route=%2Fwp%2Fv2%2Fcomments&post=15416"}],"version-history":[{"count":1,"href":"https:\/\/zonaroja.com.mx\/index.php?rest_route=\/wp\/v2\/posts\/15416\/revisions"}],"predecessor-version":[{"id":15418,"href":"https:\/\/zonaroja.com.mx\/index.php?rest_route=\/wp\/v2\/posts\/15416\/revisions\/15418"}],"wp:featuredmedia":[{"embeddable":true,"href":"https:\/\/zonaroja.com.mx\/index.php?rest_route=\/wp\/v2\/media\/15417"}],"wp:attachment":[{"href":"https:\/\/zonaroja.com.mx\/index.php?rest_route=%2Fwp%2Fv2%2Fmedia&parent=15416"}],"wp:term":[{"taxonomy":"category","embeddable":true,"href":"https:\/\/zonaroja.com.mx\/index.php?rest_route=%2Fwp%2Fv2%2Fcategories&post=15416"},{"taxonomy":"post_tag","embeddable":true,"href":"https:\/\/zonaroja.com.mx\/index.php?rest_route=%2Fwp%2Fv2%2Ftags&post=15416"}],"curies":[{"name":"wp","href":"https:\/\/api.w.org\/{rel}","templated":true}]}}