{"id":15420,"date":"2020-07-24T12:14:49","date_gmt":"2020-07-24T17:14:49","guid":{"rendered":"https:\/\/www.zonaroja.com.mx\/?p=15420"},"modified":"2020-07-24T13:44:49","modified_gmt":"2020-07-24T18:44:49","slug":"ante-apatia-del-gobierno-de-oaxaca-inicia-amlo-gira-con-tres-protestas","status":"publish","type":"post","link":"https:\/\/zonaroja.com.mx\/?p=15420","title":{"rendered":"Ante apat\u00eda del gobierno de Oaxaca, inicia AMLO gira con tres protestas"},"content":{"rendered":"\n<p>Evlin Arag\u00f3n\/Zona Roja. <\/p>\n\n\n\n<p>Oaxaca de Ju\u00e1rez, Oax., 24 de julio de 2020.- Ante la nula atenci\u00f3n del gobierno de Oaxaca, el Presidente Andr\u00e9s Manuel L\u00f3pez Obrador inici\u00f3 su gira de trabajo por la entidad, con tres protestas.&nbsp;<\/p>\n\n\n\n<p><a href=\"\/\/0\">Desde la madrugada<\/a>&nbsp;de&nbsp;<a href=\"\/\/1\">este viernes<\/a>, comerciantes afectados por el incendio en la Central de Abasto, registrado el pasado 27 de mayo, se manifestaron a las afueras del hotel en el que se hosped\u00f3 el Ejecutivo federal para denunciar la falta de apoyo de la autoridad municipal y estatal.<\/p>\n\n\n\n<p>Con pancartas en mano y&nbsp;de forma pac\u00edfica, solicitaron la intervenci\u00f3n del mandatario federal, ya que a punto de cumplir los dos meses de los hechos, no han recibido el respaldo prometido por parte del edil capitalino Oswaldo Garc\u00eda Jarqu\u00edn y el gobernador Alejandro Murat Hinojosa, que anunciaron una inversi\u00f3n superior a los 100 millones de pesos en el lugar siniestrado.<\/p>\n\n\n\n<p>Desde hace semanas m\u00e1s de 100 personas damnificadas han denunciado la falta de atenci\u00f3n por parte de las autoridades, pese a que estas insisten en que se ha dado cumplimiento con lo apoyos ofrecidos, acci\u00f3n que ha sido desmentida en varias ocasiones y ha derivado en exhortos al interior del Congreso local para lograr que sea atendida la poblaci\u00f3n.<\/p>\n\n\n\n<figure class=\"wp-block-embed-twitter wp-block-embed is-type-rich is-provider-twitter\"><div class=\"wp-block-embed__wrapper\">\n<div class=\"twitter-tweet\"><blockquote class=\"twitter-tweet\" data-lang=\"es\"><p lang=\"es\" dir=\"ltr\"><a href=\"https:\/\/twitter.com\/hashtag\/%C3%9AltimoMinuto?src=hash&amp;ref_src=twsrc%5Etfw\">#\u00daltimoMinuto<\/a> <br>Con una protesta inici\u00f3 hoy el Presidente <a href=\"https:\/\/twitter.com\/lopezobrador_?ref_src=twsrc%5Etfw\">@lopezobrador_<\/a> su gira de trabajo por Oaxaca, en esta ocasi\u00f3n por parte de comerciantes afectados por el incendio de locales del Mercado de Abasto, en la capital. <a href=\"https:\/\/t.co\/4Dg7TfYtL7\">pic.twitter.com\/4Dg7TfYtL7<\/a><\/p>&mdash; Zona Roja Oaxaca (@MexRoja) <a href=\"https:\/\/twitter.com\/MexRoja\/status\/1286621998303584257?ref_src=twsrc%5Etfw\">24 de julio de 2020<\/a><\/blockquote><\/div>\n<\/div><\/figure>\n\n\n\n<p>TAMBI\u00c9N GUELACHE&nbsp;<\/p>\n\n\n\n<p>No fue la \u00fanica protesta, ya que a las afueras de la VIII Regi\u00f3n Militar, Santa Mar\u00eda Ixcotel, donde se llev\u00f3 a cabo la \u201cma\u00f1anera\u201d de L\u00f3pez Obrador, arribaron habitantes de San Juan Bautista Guelague, quien denunciaron ser v\u00edctimas de 12 a\u00f1os de conflictos poselectorales, debido a la intervenci\u00f3n de actores externos a&nbsp;la localidad, particularmente vinculados al Partido Revolucionario Institucional (PRI).<\/p>\n\n\n\n<p>Prueba de ello, Germ\u00e1n Espinoza, actual secretario de Administraci\u00f3n del gobierno de Oaxaca, quien cuenta con una propiedad en la localidad, que incluso utiliza para realizar fiestas en las que recibe a funcionarias y funcionarios, en donde gasta el dinero del pueblo, acusaron.&nbsp;<\/p>\n\n\n\n<p>As\u00ed lo informaron representantes de la localidad quienes responsabilizaron al diputado Arsenio Mej\u00eda, presidente de la Comisi\u00f3n de Gobernaci\u00f3n al interior del Congreso local, de ser el principal opositor de que Guelache designe a sus representantes y se ha empe\u00f1ado, como lo han hecho otros, en imponer un administrador para beneficio propio y del grupo de priistas que se ha beneficiado desde hace m\u00e1s de una d\u00e9cada, con los recursos del municipio perteneciente a la regi\u00f3n de los Valles Centrales.\u00a0\u00a0<\/p>\n\n\n\n<figure class=\"wp-block-embed-twitter wp-block-embed is-type-rich is-provider-twitter\"><div class=\"wp-block-embed__wrapper\">\n<div class=\"twitter-tweet\"><blockquote class=\"twitter-tweet\" data-lang=\"es\"><p lang=\"es\" dir=\"ltr\"><a href=\"https:\/\/twitter.com\/hashtag\/%C3%9AltimoMinuto?src=hash&amp;ref_src=twsrc%5Etfw\">#\u00daltimoMinuto<\/a> <br>Dos protestas se realizan en el exterior de la VIII Regi\u00f3n Militar de la <a href=\"https:\/\/twitter.com\/SEDENAmx?ref_src=twsrc%5Etfw\">@SEDENAmx<\/a>, donde se encuentran al Presidente <a href=\"https:\/\/twitter.com\/lopezobrador_?ref_src=twsrc%5Etfw\">@lopezobrador_<\/a> y el gobernador <a href=\"https:\/\/twitter.com\/alejandromurat?ref_src=twsrc%5Etfw\">@alejandromurat<\/a>. <br>Una de habitantes de Guelache y otra de pobladores de Huazantl\u00e1n:<br>\ud83d\udc47<a href=\"https:\/\/t.co\/HN43XsEI1F\">https:\/\/t.co\/HN43XsEI1F<\/a> <a href=\"https:\/\/t.co\/FVku372gH9\">pic.twitter.com\/FVku372gH9<\/a><\/p>&mdash; Zona Roja Oaxaca (@MexRoja) <a href=\"https:\/\/twitter.com\/MexRoja\/status\/1286658348926951426?ref_src=twsrc%5Etfw\">24 de julio de 2020<\/a><\/blockquote><\/div>\n<\/div><\/figure>\n\n\n\n<p>ADEM\u00c1S HUAZANTL\u00c1N&nbsp;<\/p>\n\n\n\n<p>Finalmente, en inmediaciones de la carretera 190, tambi\u00e9n jurisdicci\u00f3n de Ixcotel, Santa Luc\u00eda del Camino, integrantes del Movimiento de Acci\u00f3n Social se solidarizaron con sobrevivientes y familiares de las v\u00edctimas de la masacre en Huazantl\u00e1n del R\u00edo, en el municipio de San Mateo del Mar, y denunciaron la falta de atenci\u00f3n por parte de las autoridades en un caso que dejo 15 personas muertas muertas y m\u00e1s de 60 desplazadas ante las amenazas de muerte en su contra.&nbsp;<\/p>\n\n\n\n<p>\u201c\u00bfQu\u00e9 quiere el pueblo de Huazantl\u00e1n del Rio? \u00a1Justicia!\u201d se escuch\u00f3 en varias ocasiones por parte de las y los manifestantes quienes reprocharon que, a m\u00e1s de un mes de los hechos, en donde ind\u00edgenas ikoots fueron torturados, masacrados y quemados vivos, sin que hasta el momento la Fiscal\u00eda General de Justicia del Estado de Oaxaca, pese a que los responsables tienen nombre y apellido.&nbsp;<\/p>\n\n\n\n<p>Por lo anterior pidieron la intervenci\u00f3n de L\u00f3pez Obrador quien se comprometi\u00f3 a dar atenci\u00f3n especial a los pueblos ind\u00edgenas de M\u00e9xico, por lo que pidieron atenci\u00f3n y protecci\u00f3n especial a sobrevivientes y familiares de v\u00edctimas de la masacre.<\/p>\n\n\n\n<p><a href=\"\/\/2\">Este jueves<\/a>, a su arribo, Presidente de la Rep\u00fablica tambi\u00e9n fue recibido con hechos delictivos, que cada vez se hacen m\u00e1s comunes en la entidad: dos asaltos en la capital oaxaque\u00f1a y dos homicidios al interior del estado -el primero en Santo Domingo Tehuantepec y el segundo en Santa Mar\u00eda Colotepec-.<\/p>\n","protected":false},"excerpt":{"rendered":"<p>Evlin Arag\u00f3n\/Zona Roja. Oaxaca de Ju\u00e1rez, Oax., 24 de julio de 2020.- Ante la nula&hellip;<\/p>\n","protected":false},"author":2,"featured_media":15419,"comment_status":"closed","ping_status":"open","sticky":false,"template":"","format":"standard","meta":{"_lmt_disableupdate":"","_lmt_disable":"","_jetpack_memberships_contains_paid_content":false,"footnotes":""},"categories":[109,47],"tags":[],"class_list":["post-15420","post","type-post","status-publish","format-standard","has-post-thumbnail","hentry","category-minuto-a-minuto","category-zona-gris"],"jetpack_featured_media_url":"https:\/\/zonaroja.com.mx\/wp-content\/uploads\/2020\/07\/e3740b69-036f-42cf-a02a-d33db0b13767.jpg","jetpack_sharing_enabled":true,"_links":{"self":[{"href":"https:\/\/zonaroja.com.mx\/index.php?rest_route=\/wp\/v2\/posts\/15420","targetHints":{"allow":["GET"]}}],"collection":[{"href":"https:\/\/zonaroja.com.mx\/index.php?rest_route=\/wp\/v2\/posts"}],"about":[{"href":"https:\/\/zonaroja.com.mx\/index.php?rest_route=\/wp\/v2\/types\/post"}],"author":[{"embeddable":true,"href":"https:\/\/zonaroja.com.mx\/index.php?rest_route=\/wp\/v2\/users\/2"}],"replies":[{"embeddable":true,"href":"https:\/\/zonaroja.com.mx\/index.php?rest_route=%2Fwp%2Fv2%2Fcomments&post=15420"}],"version-history":[{"count":2,"href":"https:\/\/zonaroja.com.mx\/index.php?rest_route=\/wp\/v2\/posts\/15420\/revisions"}],"predecessor-version":[{"id":15422,"href":"https:\/\/zonaroja.com.mx\/index.php?rest_route=\/wp\/v2\/posts\/15420\/revisions\/15422"}],"wp:featuredmedia":[{"embeddable":true,"href":"https:\/\/zonaroja.com.mx\/index.php?rest_route=\/wp\/v2\/media\/15419"}],"wp:attachment":[{"href":"https:\/\/zonaroja.com.mx\/index.php?rest_route=%2Fwp%2Fv2%2Fmedia&parent=15420"}],"wp:term":[{"taxonomy":"category","embeddable":true,"href":"https:\/\/zonaroja.com.mx\/index.php?rest_route=%2Fwp%2Fv2%2Fcategories&post=15420"},{"taxonomy":"post_tag","embeddable":true,"href":"https:\/\/zonaroja.com.mx\/index.php?rest_route=%2Fwp%2Fv2%2Ftags&post=15420"}],"curies":[{"name":"wp","href":"https:\/\/api.w.org\/{rel}","templated":true}]}}