{"id":15426,"date":"2020-07-24T15:12:55","date_gmt":"2020-07-24T20:12:55","guid":{"rendered":"http:\/\/www.zonaroja.com.mx\/?p=15426"},"modified":"2020-07-24T15:12:58","modified_gmt":"2020-07-24T20:12:58","slug":"atienden-los-sso-pandemia-en-la-region-de-la-cuenca","status":"publish","type":"post","link":"https:\/\/zonaroja.com.mx\/?p=15426","title":{"rendered":"Atienden los SSO pandemia en la regi\u00f3n de la Cuenca"},"content":{"rendered":"\n<p>Redacci\u00f3n\/Zona Roja.<\/p>\n\n\n\n<p>Oaxaca de Ju\u00e1rez, Oax., 24 de julio de\n2020.- De acuerdo con datos de los Servicios de Salud de Oaxaca (SSO), la\njurisdicci\u00f3n Tuxtepec &#8211;que brinda atenci\u00f3n a municipios de la regi\u00f3n Cuenca, registr\u00f3\nhasta ayer registraba mil 304 casos positivos a Covid-19 y 196 defunciones.<\/p>\n\n\n\n<p>Ante ello, y con el fin de mejorar la\natenci\u00f3n a los pacientes en la zona, el titular de la dependencia, Donato Casas\nEscamilla, se reuni\u00f3 con el presidente municipal de Tuxtepec, No\u00e9 Ram\u00edrez\nCh\u00e1vez, y personal de los SSO en la zona, para acordar estrategias que permitan\ngarantizar el servicio m\u00e9dico a quienes lo requieran.<\/p>\n\n\n\n<p>En un comunicado, inform\u00f3 que que se\nbuscan todos los apoyos necesarios para la ampliaci\u00f3n del \u00e1rea Covid de dicha\nunidad m\u00e9dica, que pasar\u00eda de 12 a 28 camas.<\/p>\n\n\n\n<p>Adem\u00e1s del fortalecimiento del Centro\nde Salud con Servicios Ampliados (CESSA) de Loma Alta, para complementar la\natenci\u00f3n a otros padecimientos; por lo que agreg\u00f3, se trabaja conjuntamente con\nel Instituto de Salud para el Bienestar (Insabi).<\/p>\n\n\n\n<p>Destac\u00f3 que el nosocomio es un pilar de\nla atenci\u00f3n a la salud de los cuenque\u00f1os, por ello se ha mantenido una\nconstante dotaci\u00f3n de equipos de protecci\u00f3n personal e insumos, que permitan\nhacer frente al nuevo coronavirus y asegurar el cuidado de las y los\ntrabajadores.<\/p>\n\n\n\n<p>Record\u00f3 que adem\u00e1s de estas acciones,\nes indispensable la participaci\u00f3n comprometida y permanente de la ciudadan\u00eda,\npues dijo, \u201csi no se atienden las medidas de prevenci\u00f3n, se pone en riesgo la\nvida, por eso es muy importante que la poblaci\u00f3n tome la responsabilidad del\nautocuidado, evitando salir de sus hogares si no es necesario, y si lo hacen,\nno olviden utilizar cubrebocas, mantener sana distancia y lavarse las manos\nfrecuentemente\u201d, puntualiz\u00f3.<\/p>\n\n\n\n<p>Casas Escamilla detall\u00f3 que para\nreforzar el combate del virus SARS-Cov-2, causante del Covid-19, especialmente\nen las regiones con mayor n\u00famero de casos como lo es la Cuenca del Papaloapan,\nse mantienen acciones puntuales como la promoci\u00f3n de medidas preventivas, la\nsanitizaci\u00f3n de espacios p\u00fablicos, as\u00ed como la capacitaci\u00f3n de las autoridades\nmunicipales y diversos sectores econ\u00f3micos y sociales, para la atenci\u00f3n de la\ncontingencia.<\/p>\n","protected":false},"excerpt":{"rendered":"<p>Redacci\u00f3n\/Zona Roja. Oaxaca de Ju\u00e1rez, Oax., 24 de julio de 2020.- De acuerdo con datos&hellip;<\/p>\n","protected":false},"author":2,"featured_media":15427,"comment_status":"closed","ping_status":"open","sticky":false,"template":"","format":"standard","meta":{"_lmt_disableupdate":"","_lmt_disable":"","_jetpack_memberships_contains_paid_content":false,"footnotes":""},"categories":[109,47],"tags":[1005],"class_list":["post-15426","post","type-post","status-publish","format-standard","has-post-thumbnail","hentry","category-minuto-a-minuto","category-zona-gris","tag-servicios-de-salud-de-oaxaca-sso"],"jetpack_featured_media_url":"https:\/\/zonaroja.com.mx\/wp-content\/uploads\/2020\/07\/SSO-1-6.jpeg","jetpack_sharing_enabled":true,"_links":{"self":[{"href":"https:\/\/zonaroja.com.mx\/index.php?rest_route=\/wp\/v2\/posts\/15426","targetHints":{"allow":["GET"]}}],"collection":[{"href":"https:\/\/zonaroja.com.mx\/index.php?rest_route=\/wp\/v2\/posts"}],"about":[{"href":"https:\/\/zonaroja.com.mx\/index.php?rest_route=\/wp\/v2\/types\/post"}],"author":[{"embeddable":true,"href":"https:\/\/zonaroja.com.mx\/index.php?rest_route=\/wp\/v2\/users\/2"}],"replies":[{"embeddable":true,"href":"https:\/\/zonaroja.com.mx\/index.php?rest_route=%2Fwp%2Fv2%2Fcomments&post=15426"}],"version-history":[{"count":1,"href":"https:\/\/zonaroja.com.mx\/index.php?rest_route=\/wp\/v2\/posts\/15426\/revisions"}],"predecessor-version":[{"id":15428,"href":"https:\/\/zonaroja.com.mx\/index.php?rest_route=\/wp\/v2\/posts\/15426\/revisions\/15428"}],"wp:featuredmedia":[{"embeddable":true,"href":"https:\/\/zonaroja.com.mx\/index.php?rest_route=\/wp\/v2\/media\/15427"}],"wp:attachment":[{"href":"https:\/\/zonaroja.com.mx\/index.php?rest_route=%2Fwp%2Fv2%2Fmedia&parent=15426"}],"wp:term":[{"taxonomy":"category","embeddable":true,"href":"https:\/\/zonaroja.com.mx\/index.php?rest_route=%2Fwp%2Fv2%2Fcategories&post=15426"},{"taxonomy":"post_tag","embeddable":true,"href":"https:\/\/zonaroja.com.mx\/index.php?rest_route=%2Fwp%2Fv2%2Ftags&post=15426"}],"curies":[{"name":"wp","href":"https:\/\/api.w.org\/{rel}","templated":true}]}}