{"id":15430,"date":"2020-07-24T17:46:30","date_gmt":"2020-07-24T22:46:30","guid":{"rendered":"https:\/\/www.zonaroja.com.mx\/?p=15430"},"modified":"2020-07-24T17:48:27","modified_gmt":"2020-07-24T22:48:27","slug":"rodean-violencia-y-crimenes-la-visita-de-lopez-obrador-a-oaxaca-hoy-2-asesinados","status":"publish","type":"post","link":"https:\/\/zonaroja.com.mx\/?p=15430","title":{"rendered":"Rodean violencia y cr\u00edmenes la visita de L\u00f3pez Obrador a Oaxaca; hoy 2 asesinados"},"content":{"rendered":"\n<p class=\"MsoNormal\">Redacci\u00f3n \/ Zona Roja.<\/p>\n\n\n\n<p class=\"MsoNormal\">Oaxaca de Ju\u00e1rez, Oax., 24 de julio de 2020.- En el segundo d\u00eda de la estancia del Presidente Andr\u00e9s Manuel L\u00f3pez Obrador, se registraron distintos hechos violentos en las regiones de Valles Centrales, Cuenca e Istmo, con un saldo preliminar de dos ejecutados y dos heridos de bala.<\/p>\n\n\n\n<p class=\"MsoNormal\">La ma\u00f1ana de <a href=\"\/\/3\">este viernes<\/a> fue localizado sin vida el cuerpo de un hombre, con impactos de arma de fuego, en un predio, a unos 20 kil\u00f3metros de la carretera local, en el municipio de Sab Pablo Huitzo, colindante con San Juan Bautista Jayacatl\u00e1n, del distrito de Etla.<\/p>\n\n\n\n<p class=\"MsoNormal\">Reportes preliminares indicaron que la v\u00edctima podr\u00eda ser \u00c1lvaro N. de oficio taxista de San Baltazar Guelavila, del distrito de Tlacolula, quien el pasado 21 de julio fue reportado como desaparecido.<\/p>\n\n\n\n<p class=\"MsoNormal\">Al lugar arribaron elementos de la Agencia Estatal de Investigaciones (AEI) para las diligencias correspondientes.<\/p>\n\n\n\n<p class=\"MsoNormal\">Los hechos delictivos continuaron en la regi\u00f3n del Istmo, donde en el municipio de Salina Cruz una persona fue ejecutada y otra m\u00e1s result\u00f3 herida durante el mismo evento violento.<\/p>\n\n\n\n<p class=\"MsoNormal\">El reporte policial inform\u00f3 que en el ataque armado fue asesinado el ex comandante dela Polic\u00eda Municipal de Salina Cruz, Isa\u00fa Gonz\u00e1lez, de 40 a\u00f1os aproximadamente, y su hermano Abraham Gonz\u00e1lez, de 38 a\u00f1os de edad, result\u00f3 con una lesi\u00f3n de bala en el pecho, por lo que fue trasladado para su atenci\u00f3n m\u00e9dica.<\/p>\n\n\n\n<p class=\"MsoNormal\">El hecho ocurri\u00f3 en la colonia Llano Grande mientras las v\u00edctimas se encontraban a bordo de un taxi marcado con el n\u00famero econ\u00f3mico 233 del Sitio \u201cMazatl\u00e1n\u201d; al lugar arribaron distintas fuerzas armadas para acordonar el sitio.<\/p>\n\n\n\n<p class=\"MsoNormal\">Mientras que, en el municipio de San Juan Bautista Tuxtepec, en la regi\u00f3n Cuenca, cerca&nbsp;<a href=\"\/\/5\">de las 14:15<\/a>&nbsp;horas se registr\u00f3 otro ataque armado, del que result\u00f3 herida una persona.<\/p>\n\n\n\n<p class=\"MsoNormal\">El hecho ocurri\u00f3 en una gasolinera ubicada en la glorieta de la fuente de las Mariposas, en el ingreso al&nbsp;<a href=\"\/\/6\">bulevar Benito Ju\u00e1rez<\/a>, mientras la v\u00edctima cargaba combustible.<\/p>\n\n\n\n<p class=\"MsoNormal\">El var\u00f3n lesionado fue identificado como Claudio Lara Juan, dirigente ca\u00f1ero de la Confederaci\u00f3n Nacional de Propietarios Rurales (CNPR).<\/p>\n\n\n\n<p class=\"MsoNormal\">A pesar que las autoridades estatales presumen de una baja incidencia en delitos ocurridos durante el mes de junio, en comparaci\u00f3n al mes anterior y a los ocurrido en el 2019, en el mismo periodo, los delitos de alto impacto no cesan. <\/p>\n","protected":false},"excerpt":{"rendered":"<p>Redacci\u00f3n \/ Zona Roja. Oaxaca de Ju\u00e1rez, Oax., 24 de julio de 2020.- En el&hellip;<\/p>\n","protected":false},"author":2,"featured_media":15429,"comment_status":"closed","ping_status":"open","sticky":false,"template":"","format":"standard","meta":{"_lmt_disableupdate":"","_lmt_disable":"","_jetpack_memberships_contains_paid_content":false,"footnotes":""},"categories":[109,51],"tags":[168,1744],"class_list":["post-15430","post","type-post","status-publish","format-standard","has-post-thumbnail","hentry","category-minuto-a-minuto","category-zona-roja","tag-salina-cruz","tag-san-pablo-villa-de-huitzo"],"jetpack_featured_media_url":"https:\/\/zonaroja.com.mx\/wp-content\/uploads\/2020\/07\/d524f48a-f69c-4b60-b58a-8154a4e81689.jpg","jetpack_sharing_enabled":true,"_links":{"self":[{"href":"https:\/\/zonaroja.com.mx\/index.php?rest_route=\/wp\/v2\/posts\/15430","targetHints":{"allow":["GET"]}}],"collection":[{"href":"https:\/\/zonaroja.com.mx\/index.php?rest_route=\/wp\/v2\/posts"}],"about":[{"href":"https:\/\/zonaroja.com.mx\/index.php?rest_route=\/wp\/v2\/types\/post"}],"author":[{"embeddable":true,"href":"https:\/\/zonaroja.com.mx\/index.php?rest_route=\/wp\/v2\/users\/2"}],"replies":[{"embeddable":true,"href":"https:\/\/zonaroja.com.mx\/index.php?rest_route=%2Fwp%2Fv2%2Fcomments&post=15430"}],"version-history":[{"count":1,"href":"https:\/\/zonaroja.com.mx\/index.php?rest_route=\/wp\/v2\/posts\/15430\/revisions"}],"predecessor-version":[{"id":15431,"href":"https:\/\/zonaroja.com.mx\/index.php?rest_route=\/wp\/v2\/posts\/15430\/revisions\/15431"}],"wp:featuredmedia":[{"embeddable":true,"href":"https:\/\/zonaroja.com.mx\/index.php?rest_route=\/wp\/v2\/media\/15429"}],"wp:attachment":[{"href":"https:\/\/zonaroja.com.mx\/index.php?rest_route=%2Fwp%2Fv2%2Fmedia&parent=15430"}],"wp:term":[{"taxonomy":"category","embeddable":true,"href":"https:\/\/zonaroja.com.mx\/index.php?rest_route=%2Fwp%2Fv2%2Fcategories&post=15430"},{"taxonomy":"post_tag","embeddable":true,"href":"https:\/\/zonaroja.com.mx\/index.php?rest_route=%2Fwp%2Fv2%2Ftags&post=15430"}],"curies":[{"name":"wp","href":"https:\/\/api.w.org\/{rel}","templated":true}]}}