{"id":15432,"date":"2020-07-24T19:15:00","date_gmt":"2020-07-25T00:15:00","guid":{"rendered":"http:\/\/www.zonaroja.com.mx\/?p=15432"},"modified":"2020-07-24T19:15:05","modified_gmt":"2020-07-25T00:15:05","slug":"nueva-normalidad-alcanzo-a-oaxaca-en-pleno-semaforo-rojo-de-pandemia","status":"publish","type":"post","link":"https:\/\/zonaroja.com.mx\/?p=15432","title":{"rendered":"\u201cNueva normalidad\u201d alcanz\u00f3 a Oaxaca en pleno sem\u00e1foro rojo de pandemia"},"content":{"rendered":"\n<p>Yuridiana Sosa\/Zona Roja.<\/p>\n\n\n\n<p>Oaxaca de Ju\u00e1rez, Oax., 24 de julio de\n2020.- \u201cDisfrute su estancia en Oaxaca, amiga, amigo. De d\u00f3nde nos visita;\ntenemos paquetes especiales para ustedes, con todas las medidas de sanidad\u201d. \u201cConozca\nlo mejor del estado, lo llevamos a sitios seguros, con unidades sanitizadas,\nvea los atractivos que puede conocer\u201d.<\/p>\n\n\n\n<p>Los gritos, ruegos, s\u00faplicas, son de\noperadores de servicio de transporte y gu\u00eda para turista, que desde esta semana\npululan en el z\u00f3calo\u2026 justo cuando Oaxaca volvi\u00f3 al sem\u00e1foro rojo por la\npandemia del Covid.<\/p>\n\n\n\n<p>Y tienen clientes, porque tambi\u00e9n en el\nz\u00f3calo, la Alameda de Le\u00f3n y el Andador Tur\u00edstico, ya se ven los visitantes,\nnacionales y extranjeros, ansiosos de disfrutar del estado, pese a que a\u00fan los\nmuseos e iglesias est\u00e1n cerrados.<\/p>\n\n\n\n<p>En tanto, el z\u00f3calo de la capital es\nsede de un tianguis popular. La vendimia que t\u00edmidamente comenzaron algunos\nambulantes en d\u00edas pasados se fortalece al paso de la pandemia, a\u00fan bajo el\ncolor rojo del sem\u00e1foro epidemiol\u00f3gico.<\/p>\n\n\n\n<p>La nueva normalidad, de la que\nestad\u00edsticamente a\u00fan se ve lejos retomar por el n\u00famero de contagios y\ndefunciones, es una realidad que por momentos da luces de una antigua\nnormalidad. <\/p>\n\n\n\n<p>El bullicio se recupera. A poco se\nescuchan de nuevo los gritones del comercio informal ofreciendo sus productos y\nlucen cada vez m\u00e1s los prestadores de servicios tur\u00edsticos que tratan de\nconseguir clientes, visitantes que ya transitan por las hist\u00f3ricas calles de la\nverde Antequera.<\/p>\n\n\n\n<p>A\u00fan cuando en el transcurso de la semana, la Secretar\u00eda de Salud report\u00f3 para la capital 154 nuevos casos, con un acumulado de dos mil 419 contagios, 174 defunciones y 151 sospechosos; con el registro m\u00e1ximo de 63 casos en el informe del 23 de julio.<\/p>\n\n\n\n<figure class=\"wp-block-embed-twitter wp-block-embed is-type-rich is-provider-twitter\"><div class=\"wp-block-embed__wrapper\">\n<div class=\"twitter-tweet\"><blockquote class=\"twitter-tweet\" data-lang=\"es\"><p lang=\"es\" dir=\"ltr\"><a href=\"https:\/\/twitter.com\/hashtag\/OaxacaEnSem%C3%A1foroRojo?src=hash&amp;ref_src=twsrc%5Etfw\">#OaxacaEnSem\u00e1foroRojo<\/a><br>Pese a que en <a href=\"https:\/\/twitter.com\/hashtag\/Oaxaca?src=hash&amp;ref_src=twsrc%5Etfw\">#Oaxaca<\/a> sigue alto el riesgo de contagios por Covid, en la capital, calles y plazas p\u00fablicas est\u00e1n cada vez m\u00e1s llenas de gente, incluyendo turistas. <br>En el z\u00f3calo, la organizaci\u00f3n UACOL abri\u00f3 ya sus puestos informales para expender productos. <a href=\"https:\/\/t.co\/FzCiDzXHN6\">pic.twitter.com\/FzCiDzXHN6<\/a><\/p>&mdash; Zona Roja Oaxaca (@MexRoja) <a href=\"https:\/\/twitter.com\/MexRoja\/status\/1286750843623157762?ref_src=twsrc%5Etfw\">24 de julio de 2020<\/a><\/blockquote><\/div>\n<\/div><\/figure>\n\n\n\n<p>Pero este escenario es menos importante\nque la necesidad laboral, tanto para los trabajadores del sector formal como el\ninformal, incluso, que la inquietud de pasear.<\/p>\n\n\n\n<p>Los portales que rodean la plaza de la\nConstituci\u00f3n se encuentran con m\u00e1s actividad durante esta semana de entrada al\nsem\u00e1foro rojo que las pasadas en sem\u00e1foro naranja.<\/p>\n\n\n\n<p>Frente al Palacio de Gobierno, emergi\u00f3\nun tianguis que entre la protesta y el capricho se han apoderado de los\nespacios p\u00fablicos. Son integrantes de la organizaci\u00f3n Uni\u00f3n de Artesanos y\nComerciantes Oaxaque\u00f1os en Lucha (UACOL) que dieron fin a la tregua por la\npandemia.<\/p>\n\n\n\n<p>La necesidad los hizo volver, pero sin\nmedidas de sanidad con la instalaci\u00f3n de puestos uno tras otro, sin mediar\nespacios que comparte junto con otro grupo de comerciantes ubicados en los\nbajos del recinto del Poder Ejecutivo.<\/p>\n\n\n\n<p>Mujeres &#8211; hasta con beb\u00e9 en brazos- y\nhombres vendedores de distintos art\u00edculos caminan alrededor de la plaza en\nbusca de clientes. Usan cubrebocas, que por momento se retiran hostigados del\nnuevo complemento para salir a la calle.<\/p>\n\n\n\n<p>Sobre el z\u00f3calo y la Alameda de Le\u00f3n el\npaso de transe\u00fantes no deja de fluir. Arriban de todos los puntos, el acceso es\ntotal. Se olvidaron de las restricciones, pese a la presencia de polic\u00edas\nestatales que les recomiendan no permanecer en el espacio o usar el cubrebocas.<\/p>\n\n\n\n<p>La Alameda de Le\u00f3n es otro tianguis que\npoco a poco recupera su intensidad; m\u00e1s de una docena de sombrillas y\nestructuras con mercanc\u00eda dan cuenta del paulatino arribo de comerciantes\ninformales, como antes de declarada la cuarenta que se prolonga.<\/p>\n\n\n\n<p>As\u00ed es Oaxaca, activa a\u00fan en medio de\nla pandemia; a\u00fan con altas cifras de contagios de un virus del que a\u00fan no hay\ncura. As\u00ed de grande la necesidad de conseguir ingresos para el alimento, pues\nlos apoyos de las autoridades no han sido suficientes en lo m\u00e1s m\u00ednimo para\nmitigar la movilidad de la poblaci\u00f3n m\u00e1s vulnerable.<\/p>\n","protected":false},"excerpt":{"rendered":"<p>Yuridiana Sosa\/Zona Roja. Oaxaca de Ju\u00e1rez, Oax., 24 de julio de 2020.- \u201cDisfrute su estancia&hellip;<\/p>\n","protected":false},"author":2,"featured_media":15433,"comment_status":"closed","ping_status":"open","sticky":false,"template":"","format":"standard","meta":{"_lmt_disableupdate":"","_lmt_disable":"","_jetpack_memberships_contains_paid_content":false,"footnotes":""},"categories":[109,47],"tags":[1512],"class_list":["post-15432","post","type-post","status-publish","format-standard","has-post-thumbnail","hentry","category-minuto-a-minuto","category-zona-gris","tag-coronavirus-oaxaca"],"jetpack_featured_media_url":"https:\/\/zonaroja.com.mx\/wp-content\/uploads\/2020\/07\/Turistas-en-Oaxaca.png","jetpack_sharing_enabled":true,"_links":{"self":[{"href":"https:\/\/zonaroja.com.mx\/index.php?rest_route=\/wp\/v2\/posts\/15432","targetHints":{"allow":["GET"]}}],"collection":[{"href":"https:\/\/zonaroja.com.mx\/index.php?rest_route=\/wp\/v2\/posts"}],"about":[{"href":"https:\/\/zonaroja.com.mx\/index.php?rest_route=\/wp\/v2\/types\/post"}],"author":[{"embeddable":true,"href":"https:\/\/zonaroja.com.mx\/index.php?rest_route=\/wp\/v2\/users\/2"}],"replies":[{"embeddable":true,"href":"https:\/\/zonaroja.com.mx\/index.php?rest_route=%2Fwp%2Fv2%2Fcomments&post=15432"}],"version-history":[{"count":1,"href":"https:\/\/zonaroja.com.mx\/index.php?rest_route=\/wp\/v2\/posts\/15432\/revisions"}],"predecessor-version":[{"id":15434,"href":"https:\/\/zonaroja.com.mx\/index.php?rest_route=\/wp\/v2\/posts\/15432\/revisions\/15434"}],"wp:featuredmedia":[{"embeddable":true,"href":"https:\/\/zonaroja.com.mx\/index.php?rest_route=\/wp\/v2\/media\/15433"}],"wp:attachment":[{"href":"https:\/\/zonaroja.com.mx\/index.php?rest_route=%2Fwp%2Fv2%2Fmedia&parent=15432"}],"wp:term":[{"taxonomy":"category","embeddable":true,"href":"https:\/\/zonaroja.com.mx\/index.php?rest_route=%2Fwp%2Fv2%2Fcategories&post=15432"},{"taxonomy":"post_tag","embeddable":true,"href":"https:\/\/zonaroja.com.mx\/index.php?rest_route=%2Fwp%2Fv2%2Ftags&post=15432"}],"curies":[{"name":"wp","href":"https:\/\/api.w.org\/{rel}","templated":true}]}}