{"id":15435,"date":"2020-07-24T20:35:29","date_gmt":"2020-07-25T01:35:29","guid":{"rendered":"http:\/\/www.zonaroja.com.mx\/?p=15435"},"modified":"2020-07-24T20:35:32","modified_gmt":"2020-07-25T01:35:32","slug":"continuan-las-festividades-patronales-en-oaxaca-pese-a-semaforo-rojo","status":"publish","type":"post","link":"https:\/\/zonaroja.com.mx\/?p=15435","title":{"rendered":"Contin\u00faan las festividades patronales en Oaxaca, pese a sem\u00e1foro rojo"},"content":{"rendered":"\n<p>Yuridiana Sosa\/Zona Roja.<\/p>\n\n\n\n<p>Oaxaca de Ju\u00e1rez, Oax., 24 de julio de\n2020.- En distintas comunidades de Oaxaca contin\u00faan las celebraciones\nreligiosas, a pesar que la pandemia por Covid-19 se extiende por todo el\nterritorio oaxaque\u00f1o y en omisi\u00f3n a las recomendaciones a mantener\ndistanciamiento social.<\/p>\n\n\n\n<p>As\u00ed lo reportaron las mismas\ncomunidades a trav\u00e9s de las redes sociales, en las que en unos casos la\npoblaci\u00f3n presumi\u00f3 del encuentro, mientras que en otras los propios habitantes\ndenunciaron la omisi\u00f3n de las autoridades para contener estas reuniones\nmasivas.<\/p>\n\n\n\n<p>En el municipio de Santiago\nSuchilquitongo, en la regi\u00f3n de Valles Centrales, la poblaci\u00f3n celebr\u00f3 sus\nfiestas patronales, para lo que realiz\u00f3 un recorrido en las principales de la\ncomunidad, una comida para decenas de personas, acompa\u00f1ada de la autoridad\nmunicipal.<\/p>\n\n\n\n<p>Habitantes en desacuerdo con la fiesta\ndenunciaron que las actividades se llevaron a cabo sin medidas sanitarias para\nproteger a la poblaci\u00f3n, por lo que demandaron la intervenci\u00f3n del Gobierno del\nEstado, a trav\u00e9s de los Servicios de Salud de Oaxaca.<\/p>\n\n\n\n<p>En las im\u00e1genes que difundieron se muestra a los asistentes disfrutando de los platillos servidos, reunidos de forma tradicional en largas mesas, sin mantener distancia, as\u00ed como consumiendo cervezas.<\/p>\n\n\n\n<figure class=\"wp-block-image\"><img decoding=\"async\" width=\"720\" height=\"960\" src=\"http:\/\/www.zonaroja.com.mx\/wp-content\/uploads\/2020\/07\/Fiesta-Suchilquitongo-2.jpg\" alt=\"\" class=\"wp-image-15436\" srcset=\"https:\/\/zonaroja.com.mx\/wp-content\/uploads\/2020\/07\/Fiesta-Suchilquitongo-2.jpg 720w, https:\/\/zonaroja.com.mx\/wp-content\/uploads\/2020\/07\/Fiesta-Suchilquitongo-2-225x300.jpg 225w, https:\/\/zonaroja.com.mx\/wp-content\/uploads\/2020\/07\/Fiesta-Suchilquitongo-2-585x780.jpg 585w\" sizes=\"(max-width: 720px) 100vw, 720px\" \/><\/figure>\n\n\n\n<p>Otra fiesta se llev\u00f3 a cabo en Santiago\nTamazola, Silacayo\u00e1pam, en la regi\u00f3n Mixteca, donde habitantes denunciaron la\nrealizaci\u00f3n de un jaripeo este fin de semana con motivo de la fiesta patronal.<\/p>\n\n\n\n<p>Cada a\u00f1o esta actividad re\u00fane a un\naproximado de tres mil personas, provenientes de distintas comunidades,\nreportaron los inconformes.<\/p>\n\n\n\n<p>Mientras que en Santiago Jocotepec, en\nla regi\u00f3n Cuenca, los habitantes tambi\u00e9n realizan actividades para honrar a su\nsanto patrono Santiago.<\/p>\n\n\n\n<p>En redes sociales la comunidad dio a\nconocer sobre la concentraci\u00f3n de personas en la iglesia de la poblaci\u00f3n para\norar y adornar el altar de su santo, aunque precis\u00f3 que este a\u00f1o no se\nrealizar\u00e1 la fiesta popular.<\/p>\n\n\n\n<p>\u201cSin fiesta, pero agradeciendo que\ntenemos salud y vida\u201d, indic\u00f3 una de las publicaciones en los perfiles de la\ncomunidad.<\/p>\n\n\n\n<p>El pasado lunes, Oaxaca regres\u00f3 al sem\u00e1foro epidemiol\u00f3gico color rojo, es decir de m\u00e1ximo riesgo de contagio, tras 15 d\u00edas en sem\u00e1foro naranja; no obstante, el Gobierno del Estado s\u00f3lo convoc\u00f3 a un confinamiento voluntario por 10 d\u00edas para pobladores del Istmo y de la Cuenca.<\/p>\n\n\n\n<figure class=\"wp-block-image\"><img decoding=\"async\" width=\"1000\" height=\"750\" src=\"http:\/\/www.zonaroja.com.mx\/wp-content\/uploads\/2020\/07\/Fiesta-Jocotepec.jpg\" alt=\"\" class=\"wp-image-15437\" srcset=\"https:\/\/zonaroja.com.mx\/wp-content\/uploads\/2020\/07\/Fiesta-Jocotepec.jpg 1000w, https:\/\/zonaroja.com.mx\/wp-content\/uploads\/2020\/07\/Fiesta-Jocotepec-300x225.jpg 300w, https:\/\/zonaroja.com.mx\/wp-content\/uploads\/2020\/07\/Fiesta-Jocotepec-768x576.jpg 768w, https:\/\/zonaroja.com.mx\/wp-content\/uploads\/2020\/07\/Fiesta-Jocotepec-585x439.jpg 585w\" sizes=\"(max-width: 1000px) 100vw, 1000px\" \/><\/figure>\n","protected":false},"excerpt":{"rendered":"<p>Yuridiana Sosa\/Zona Roja. Oaxaca de Ju\u00e1rez, Oax., 24 de julio de 2020.- En distintas comunidades&hellip;<\/p>\n","protected":false},"author":2,"featured_media":15438,"comment_status":"closed","ping_status":"open","sticky":false,"template":"","format":"standard","meta":{"_lmt_disableupdate":"","_lmt_disable":"","_jetpack_memberships_contains_paid_content":false,"footnotes":""},"categories":[109,47],"tags":[1512],"class_list":["post-15435","post","type-post","status-publish","format-standard","has-post-thumbnail","hentry","category-minuto-a-minuto","category-zona-gris","tag-coronavirus-oaxaca"],"jetpack_featured_media_url":"https:\/\/zonaroja.com.mx\/wp-content\/uploads\/2020\/07\/Fiesta-Jocotepec-1.jpg","jetpack_sharing_enabled":true,"_links":{"self":[{"href":"https:\/\/zonaroja.com.mx\/index.php?rest_route=\/wp\/v2\/posts\/15435","targetHints":{"allow":["GET"]}}],"collection":[{"href":"https:\/\/zonaroja.com.mx\/index.php?rest_route=\/wp\/v2\/posts"}],"about":[{"href":"https:\/\/zonaroja.com.mx\/index.php?rest_route=\/wp\/v2\/types\/post"}],"author":[{"embeddable":true,"href":"https:\/\/zonaroja.com.mx\/index.php?rest_route=\/wp\/v2\/users\/2"}],"replies":[{"embeddable":true,"href":"https:\/\/zonaroja.com.mx\/index.php?rest_route=%2Fwp%2Fv2%2Fcomments&post=15435"}],"version-history":[{"count":1,"href":"https:\/\/zonaroja.com.mx\/index.php?rest_route=\/wp\/v2\/posts\/15435\/revisions"}],"predecessor-version":[{"id":15439,"href":"https:\/\/zonaroja.com.mx\/index.php?rest_route=\/wp\/v2\/posts\/15435\/revisions\/15439"}],"wp:featuredmedia":[{"embeddable":true,"href":"https:\/\/zonaroja.com.mx\/index.php?rest_route=\/wp\/v2\/media\/15438"}],"wp:attachment":[{"href":"https:\/\/zonaroja.com.mx\/index.php?rest_route=%2Fwp%2Fv2%2Fmedia&parent=15435"}],"wp:term":[{"taxonomy":"category","embeddable":true,"href":"https:\/\/zonaroja.com.mx\/index.php?rest_route=%2Fwp%2Fv2%2Fcategories&post=15435"},{"taxonomy":"post_tag","embeddable":true,"href":"https:\/\/zonaroja.com.mx\/index.php?rest_route=%2Fwp%2Fv2%2Ftags&post=15435"}],"curies":[{"name":"wp","href":"https:\/\/api.w.org\/{rel}","templated":true}]}}