{"id":15440,"date":"2020-07-24T21:17:55","date_gmt":"2020-07-25T02:17:55","guid":{"rendered":"http:\/\/www.zonaroja.com.mx\/?p=15440"},"modified":"2020-07-24T21:17:58","modified_gmt":"2020-07-25T02:17:58","slug":"abuso-de-poder-saqueo-agresiones-y-amenazas-ejerce-edil-de-juxtlahuaca","status":"publish","type":"post","link":"https:\/\/zonaroja.com.mx\/?p=15440","title":{"rendered":"Abuso de poder, saqueo, agresiones y amenazas ejerce edil de Juxtlahuaca"},"content":{"rendered":"\n<p>Yuridiana Sosa\/Zona Roja.<\/p>\n\n\n\n<p>Oaxaca de Ju\u00e1rez, 24 de julio de 2020.-\nIntegrantes del Comisariado de Bienes Comunales, del Consejo de Vigilancia y comuneros\nde Santiago Juxtlahuaca denunciaron que por la defensa de su territorio el\npresidente municipal, Nicol\u00e1s Feria Romero, cometi\u00f3 actos de abuso de poder,\namenazas de muerte y agresiones.<\/p>\n\n\n\n<p>Los pobladores exigieron a la Fiscal\u00eda\nGeneral del Estado justicia por la comisi\u00f3n de esos delitos en su contra, los\ncuales fueron denunciados oficialmente en la Vicefiscal\u00eda Regional de la\nMixteca.<\/p>\n\n\n\n<p>Cerca de seis mujeres y una docena de\nhombres, comuneros de la localidad, fueron agredidos la tarde del jueves por\nelementos de la seguridad del presidente, Polic\u00eda Municipal e integrantes de la\nUni\u00f3n de Bienestar Social de la Regi\u00f3n Triqui (Ubisort), grupo de choque del\nedil.<\/p>\n\n\n\n<p>Los hechos se registraron en el acceso\na un paraje del r\u00edo Mixteco, al cual los empleados del edil impidieron el paso\na los comuneros que asistieron a exigirle al presidente municipal detuviera su\nactividad de saqueo del material p\u00e9treo, pues la concesi\u00f3n para esa labor\ncorresponde al Comisariado de Bienes Comunales.<\/p>\n\n\n\n<p>Las v\u00edctimas de se\u00f1alaron que desde el\n2014 el presidente y su padre, Enrique Misael Feria Rodr\u00edguez, saquean material\np\u00e9treo del r\u00edo sin contar con la concesi\u00f3n correspondiente, misma que les fue\notorgada en 2015 a los comuneros, bajo el n\u00famero de permiso\n05OAX200624\/18FADA15.<\/p>\n\n\n\n<p>Por los distintos hechos en su contra,\nregistrados este jueves, principalmente por las amenazas de muerte, exigieron\nla intervenci\u00f3n del gobernador Alejandro Murat, as\u00ed como el cese de las\nfunciones del edil y de los empleados involucrados.<\/p>\n\n\n\n<p>As\u00ed como a la Defensor\u00eda de los\nDerechos Humanos del Pueblo de Oaxaca el ejercicio para que se garantice la\nintegridad de las personas amenazadas y demandaron a la Fiscal\u00eda de Oaxaca una\ninvestigaci\u00f3n inmediata y justicia.<\/p>\n\n\n\n<p>\u201cD\u00f3nde est\u00e1 la cuarta transformaci\u00f3n\nque dec\u00edan, de cero corrupci\u00f3n\u201d, expresaron los inconformes sobre el nuevo\ngobierno federal, a quien tambi\u00e9n pidieron su intervenci\u00f3n.<\/p>\n","protected":false},"excerpt":{"rendered":"<p>Yuridiana Sosa\/Zona Roja. Oaxaca de Ju\u00e1rez, 24 de julio de 2020.- Integrantes del Comisariado de&hellip;<\/p>\n","protected":false},"author":2,"featured_media":15441,"comment_status":"closed","ping_status":"open","sticky":false,"template":"","format":"standard","meta":{"_lmt_disableupdate":"","_lmt_disable":"","_jetpack_memberships_contains_paid_content":false,"footnotes":""},"categories":[109,47],"tags":[1855,826],"class_list":["post-15440","post","type-post","status-publish","format-standard","has-post-thumbnail","hentry","category-minuto-a-minuto","category-zona-gris","tag-nicolas-feria-romero","tag-santiago-juxtlahuaca"],"jetpack_featured_media_url":"https:\/\/zonaroja.com.mx\/wp-content\/uploads\/2020\/07\/Santiago-Juxtlahuaca.jpg","jetpack_sharing_enabled":true,"_links":{"self":[{"href":"https:\/\/zonaroja.com.mx\/index.php?rest_route=\/wp\/v2\/posts\/15440","targetHints":{"allow":["GET"]}}],"collection":[{"href":"https:\/\/zonaroja.com.mx\/index.php?rest_route=\/wp\/v2\/posts"}],"about":[{"href":"https:\/\/zonaroja.com.mx\/index.php?rest_route=\/wp\/v2\/types\/post"}],"author":[{"embeddable":true,"href":"https:\/\/zonaroja.com.mx\/index.php?rest_route=\/wp\/v2\/users\/2"}],"replies":[{"embeddable":true,"href":"https:\/\/zonaroja.com.mx\/index.php?rest_route=%2Fwp%2Fv2%2Fcomments&post=15440"}],"version-history":[{"count":1,"href":"https:\/\/zonaroja.com.mx\/index.php?rest_route=\/wp\/v2\/posts\/15440\/revisions"}],"predecessor-version":[{"id":15442,"href":"https:\/\/zonaroja.com.mx\/index.php?rest_route=\/wp\/v2\/posts\/15440\/revisions\/15442"}],"wp:featuredmedia":[{"embeddable":true,"href":"https:\/\/zonaroja.com.mx\/index.php?rest_route=\/wp\/v2\/media\/15441"}],"wp:attachment":[{"href":"https:\/\/zonaroja.com.mx\/index.php?rest_route=%2Fwp%2Fv2%2Fmedia&parent=15440"}],"wp:term":[{"taxonomy":"category","embeddable":true,"href":"https:\/\/zonaroja.com.mx\/index.php?rest_route=%2Fwp%2Fv2%2Fcategories&post=15440"},{"taxonomy":"post_tag","embeddable":true,"href":"https:\/\/zonaroja.com.mx\/index.php?rest_route=%2Fwp%2Fv2%2Ftags&post=15440"}],"curies":[{"name":"wp","href":"https:\/\/api.w.org\/{rel}","templated":true}]}}