{"id":15446,"date":"2020-07-25T07:50:49","date_gmt":"2020-07-25T12:50:49","guid":{"rendered":"http:\/\/www.zonaroja.com.mx\/?p=15446"},"modified":"2020-07-25T07:50:55","modified_gmt":"2020-07-25T12:50:55","slug":"covid-causara-perdida-de-25-millones-de-empleos-en-america-latina-bm","status":"publish","type":"post","link":"https:\/\/zonaroja.com.mx\/?p=15446","title":{"rendered":"Covid causar\u00e1 p\u00e9rdida de 25 millones de empleos en Am\u00e9rica Latina: BM"},"content":{"rendered":"\n<p>Redacci\u00f3n\/Zona Roja Cdmx.<\/p>\n\n\n\n<p>Ciudad de M\u00e9xico, 25 de julio de 2020.\nLa crisis por la pandemia del nuevo coronavirus dejar\u00e1 a 25 millones de\npersonas sin trabajo en Latinoam\u00e9rica y el Caribe este a\u00f1o, manifest\u00f3 el\nvicepresidente del Banco Mundial (BM) para la regi\u00f3n, Carlos Felipe Jaramillo.<\/p>\n\n\n\n<p>\u201cYa estamos pronosticando una p\u00e9rdida\nde por lo menos 25 millones de empleos para este a\u00f1o y esa cifra puede ser\npeor, dependiendo de c\u00f3mo evolucione la situaci\u00f3n en los pr\u00f3ximos cinco o seis\nmeses\u201d, asever\u00f3, seg\u00fan informaci\u00f3n difundida por el diario \u201cLa Jornada\u201d.<\/p>\n\n\n\n<p>Para Jaramillo, Latinoam\u00e9rica nunca ha\nvivido una crisis de esta magnitud desde que hay registros. \u201cNing\u00fan otra hab\u00eda\ngenerado una ca\u00edda de la producci\u00f3n y unos datos tan preocupantes de desempleo\u201d,\nafirm\u00f3 el vicepresidente del BM.<\/p>\n\n\n\n<p>La regi\u00f3n contin\u00faa sufriendo el embate\nde la pandemia y super\u00f3 cuatro millones de contagios, obligando a muchos pa\u00edses\na establecer un confinamiento que genera una contracci\u00f3n de la econom\u00eda y\np\u00e9rdida de empleo para intentar frenar un virus para el cual todav\u00eda no hay\nvacuna.<\/p>\n\n\n\n<p>Para este a\u00f1o, el Fondo Monetario\nInternacional (FMI) pronostica una contracci\u00f3n del producto interno bruto (PIB)\nlatinoamericano de 9.4 por ciento, con una recuperaci\u00f3n de 3.7 en 2021.<\/p>\n\n\n\n<p>Respecto de la contracci\u00f3n econ\u00f3mica,\nlament\u00f3 que la crisis actual arrase con muchas peque\u00f1as y medianas empresas,\nque son un importante motor del empleo en la regi\u00f3n.<\/p>\n\n\n\n<p>Muchas van a desaparecer y otras est\u00e1n\ndesapareciendo. Es muy dram\u00e1tico, porque se trata de gente que no tiene muchos\nrecursos, gente que le ha costado mucho, enfatiz\u00f3.<\/p>\n\n\n\n<p>M\u00c1S POBREZA<\/p>\n\n\n\n<p>Jaramillo se\u00f1al\u00f3 que el BM estima que\neste a\u00f1o 50 millones de latinoamericanos van a caer por debajo de la l\u00ednea de\nla pobreza, borrando los avances logrados desde 2002.<\/p>\n\n\n\n<p>Adem\u00e1s, dijo, todav\u00eda estamos en una\nfase inicial de esta crisis.<\/p>\n\n\n\n<p>Nunca pensamos que se iba a extender\nvarios meses y ahora, aunque tenemos la esperanza de la vacuna, \u00e9sta no va a\nestar lista (pronto). Entonces, esta crisis va a durar un buen periodo\nadicional, enfatiz\u00f3.<\/p>\n\n\n\n<p>El responsable del BM consider\u00f3\njustificables las pol\u00edticas actuales de endeudamiento de los pa\u00edses de la regi\u00f3n,\nen momentos en que la entidad ha desplegado cerca de dos mil millones de\nd\u00f3lares para responder a la crisis.<\/p>\n\n\n\n<p>El endeudamiento que estamos viendo hoy\nes para sostener gastos en programas sociales que amortiguan el impacto sobre\nlas familias y los empleos. (Es) para que el golpe de esta crisis sea menor,\na\u00f1adi\u00f3.<\/p>\n\n\n\n<p>Para el experto, la salida de esta crisis pasa por plantear un crecimiento diferente, m\u00e1s sustentable ambientalmente y con mayor inclusi\u00f3n de los j\u00f3venes, despu\u00e9s de que en los pasados 10 a\u00f1os la regi\u00f3n registrara cifras de expansi\u00f3n econ\u00f3mica muy bajas.<\/p>\n\n\n\n<p>(Informaci\u00f3n de agencias internacionales y \u00abLa Jornada\u00bb)<\/p>\n","protected":false},"excerpt":{"rendered":"<p>Redacci\u00f3n\/Zona Roja Cdmx. Ciudad de M\u00e9xico, 25 de julio de 2020. La crisis por la&hellip;<\/p>\n","protected":false},"author":2,"featured_media":15447,"comment_status":"closed","ping_status":"open","sticky":false,"template":"","format":"standard","meta":{"_lmt_disableupdate":"","_lmt_disable":"","_jetpack_memberships_contains_paid_content":false,"footnotes":""},"categories":[109,47],"tags":[1510],"class_list":["post-15446","post","type-post","status-publish","format-standard","has-post-thumbnail","hentry","category-minuto-a-minuto","category-zona-gris","tag-coronavirus-pandemia-global"],"jetpack_featured_media_url":"https:\/\/zonaroja.com.mx\/wp-content\/uploads\/2020\/07\/Coronavirus-pobreza.png","jetpack_sharing_enabled":true,"_links":{"self":[{"href":"https:\/\/zonaroja.com.mx\/index.php?rest_route=\/wp\/v2\/posts\/15446","targetHints":{"allow":["GET"]}}],"collection":[{"href":"https:\/\/zonaroja.com.mx\/index.php?rest_route=\/wp\/v2\/posts"}],"about":[{"href":"https:\/\/zonaroja.com.mx\/index.php?rest_route=\/wp\/v2\/types\/post"}],"author":[{"embeddable":true,"href":"https:\/\/zonaroja.com.mx\/index.php?rest_route=\/wp\/v2\/users\/2"}],"replies":[{"embeddable":true,"href":"https:\/\/zonaroja.com.mx\/index.php?rest_route=%2Fwp%2Fv2%2Fcomments&post=15446"}],"version-history":[{"count":1,"href":"https:\/\/zonaroja.com.mx\/index.php?rest_route=\/wp\/v2\/posts\/15446\/revisions"}],"predecessor-version":[{"id":15448,"href":"https:\/\/zonaroja.com.mx\/index.php?rest_route=\/wp\/v2\/posts\/15446\/revisions\/15448"}],"wp:featuredmedia":[{"embeddable":true,"href":"https:\/\/zonaroja.com.mx\/index.php?rest_route=\/wp\/v2\/media\/15447"}],"wp:attachment":[{"href":"https:\/\/zonaroja.com.mx\/index.php?rest_route=%2Fwp%2Fv2%2Fmedia&parent=15446"}],"wp:term":[{"taxonomy":"category","embeddable":true,"href":"https:\/\/zonaroja.com.mx\/index.php?rest_route=%2Fwp%2Fv2%2Fcategories&post=15446"},{"taxonomy":"post_tag","embeddable":true,"href":"https:\/\/zonaroja.com.mx\/index.php?rest_route=%2Fwp%2Fv2%2Ftags&post=15446"}],"curies":[{"name":"wp","href":"https:\/\/api.w.org\/{rel}","templated":true}]}}