{"id":15452,"date":"2020-07-25T08:14:17","date_gmt":"2020-07-25T13:14:17","guid":{"rendered":"http:\/\/www.zonaroja.com.mx\/?p=15452"},"modified":"2020-07-25T08:14:21","modified_gmt":"2020-07-25T13:14:21","slug":"aplican-otra-orden-de-aprehension-a-ex-dirigente-de-transportistas","status":"publish","type":"post","link":"https:\/\/zonaroja.com.mx\/?p=15452","title":{"rendered":"Aplican otra orden de aprehensi\u00f3n a ex dirigente de transportistas"},"content":{"rendered":"\n<p>Redacci\u00f3n\/Zona Roja.<\/p>\n\n\n\n<p>Oaxaca de Ju\u00e1rez, Oax., 25 de julio de\n2020.- Ahora por el delito de tentativa de homicidio en contra de cinco\npersonas, la Fiscal\u00eda General del Estado de Oaxaca (FGEO), ejecut\u00f3 orden de\naprehensi\u00f3n contra el ex dirigente transportistas, Iv\u00e1n T. L. V.<\/p>\n\n\n\n<p>Los hechos ocurrieron en noviembre de\n2016, en jurisdicci\u00f3n de San Francisco Tutla, agencia de Santa Luc\u00eda del\nCamino, regi\u00f3n de Valles Centrales, inform\u00f3 en un comunicado.<\/p>\n\n\n\n<p>Expuso que esta aprehensi\u00f3n de Iv\u00e1n T.\nL. V., se da luego de su detenci\u00f3n el 21 de mayo de 2020, junto con su hermano\nJuan Yhav\u00e9 L. V., en jurisdicci\u00f3n de Santa Mar\u00eda del Tule, quienes fueron\npuestos a disposici\u00f3n de la Fiscal\u00eda General de la Rep\u00fablica por el delito de\nportaci\u00f3n de armas de fuego.<\/p>\n\n\n\n<p>De acuerdo con la causa penal 150\/2016,\nel 13 de noviembre de 2016, aproximadamente a las 13:00 horas, el imputado Iv\u00e1n\nT. L. V., -en compa\u00f1\u00eda de otras personas- agredi\u00f3 con disparos de arma de fuego\na P. G. L. M., J. R. L. J., E. I. L. J., A. R. G., (masculinos) y a F. M. L.\nJ., (mujer) cuando se encontraban en un terreno ubicado sobre la carretera\nInternacional 190, jurisdicci\u00f3n de San Francisco Tutla.<\/p>\n\n\n\n<p>Ante estos hechos, la Fiscal\u00eda dio\ncumplimiento a la orden de aprehensi\u00f3n contra el imputado, quien fue llevado\nante el Juez de Control.<\/p>\n\n\n\n<p>En audiencia, el imputado solicit\u00f3\nampliaci\u00f3n del t\u00e9rmino constitucional, mismo que fenece el 29 de julio de 2020,\nquedando en tanto en prisi\u00f3n preventiva provisional.<\/p>\n\n\n\n<p>Cabe se\u00f1alar que su hermano Juan Yhav\u00e9.\nL. V., actualmente se encuentra privado de su libertad al dict\u00e1rsele auto de\nformal prisi\u00f3n, como presunto responsable del homicidio calificado con las\nagravantes de premeditaci\u00f3n, ventaja y alevos\u00eda en agravio del masculino A. L.\nM., cometido en 2016 en Santa Luc\u00eda del Camino, regi\u00f3n de Valles Centrales.<\/p>\n","protected":false},"excerpt":{"rendered":"<p>Redacci\u00f3n\/Zona Roja. Oaxaca de Ju\u00e1rez, Oax., 25 de julio de 2020.- Ahora por el delito&hellip;<\/p>\n","protected":false},"author":2,"featured_media":15453,"comment_status":"closed","ping_status":"open","sticky":false,"template":"","format":"standard","meta":{"_lmt_disableupdate":"","_lmt_disable":"","_jetpack_memberships_contains_paid_content":false,"footnotes":""},"categories":[109,47],"tags":[1856],"class_list":["post-15452","post","type-post","status-publish","format-standard","has-post-thumbnail","hentry","category-minuto-a-minuto","category-zona-gris","tag-luis-villaseca"],"jetpack_featured_media_url":"https:\/\/zonaroja.com.mx\/wp-content\/uploads\/2020\/07\/Luis-Villaseca.jpg","jetpack_sharing_enabled":true,"_links":{"self":[{"href":"https:\/\/zonaroja.com.mx\/index.php?rest_route=\/wp\/v2\/posts\/15452","targetHints":{"allow":["GET"]}}],"collection":[{"href":"https:\/\/zonaroja.com.mx\/index.php?rest_route=\/wp\/v2\/posts"}],"about":[{"href":"https:\/\/zonaroja.com.mx\/index.php?rest_route=\/wp\/v2\/types\/post"}],"author":[{"embeddable":true,"href":"https:\/\/zonaroja.com.mx\/index.php?rest_route=\/wp\/v2\/users\/2"}],"replies":[{"embeddable":true,"href":"https:\/\/zonaroja.com.mx\/index.php?rest_route=%2Fwp%2Fv2%2Fcomments&post=15452"}],"version-history":[{"count":1,"href":"https:\/\/zonaroja.com.mx\/index.php?rest_route=\/wp\/v2\/posts\/15452\/revisions"}],"predecessor-version":[{"id":15454,"href":"https:\/\/zonaroja.com.mx\/index.php?rest_route=\/wp\/v2\/posts\/15452\/revisions\/15454"}],"wp:featuredmedia":[{"embeddable":true,"href":"https:\/\/zonaroja.com.mx\/index.php?rest_route=\/wp\/v2\/media\/15453"}],"wp:attachment":[{"href":"https:\/\/zonaroja.com.mx\/index.php?rest_route=%2Fwp%2Fv2%2Fmedia&parent=15452"}],"wp:term":[{"taxonomy":"category","embeddable":true,"href":"https:\/\/zonaroja.com.mx\/index.php?rest_route=%2Fwp%2Fv2%2Fcategories&post=15452"},{"taxonomy":"post_tag","embeddable":true,"href":"https:\/\/zonaroja.com.mx\/index.php?rest_route=%2Fwp%2Fv2%2Ftags&post=15452"}],"curies":[{"name":"wp","href":"https:\/\/api.w.org\/{rel}","templated":true}]}}