{"id":15455,"date":"2020-07-25T10:56:04","date_gmt":"2020-07-25T15:56:04","guid":{"rendered":"http:\/\/www.zonaroja.com.mx\/?p=15455"},"modified":"2020-07-25T10:56:08","modified_gmt":"2020-07-25T15:56:08","slug":"ordenan-al-ieepco-dar-cauce-a-investigacion-por-violencia-politica-cometida-por-edil-capitalino","status":"publish","type":"post","link":"https:\/\/zonaroja.com.mx\/?p=15455","title":{"rendered":"Ordenan al IEEPCO dar cauce a investigaci\u00f3n por violencia pol\u00edtica cometida por edil capitalino"},"content":{"rendered":"\n<p>Evlin Arag\u00f3n\/Zona Roja.<\/p>\n\n\n\n<p>Oaxaca de Ju\u00e1rez, Oax., 25 de julio de\n2020.- El pleno del Tribunal Electoral del Estado de Oaxaca (TEEO) determin\u00f3\ninvalidar el acuerdo emitido por el Instituto Estatal Electoral y de\nParticipaci\u00f3n Ciudadana de Oaxaca, de fecha 10 de junio e identificado como\nCQDPCE\/2\/009\/2020, mismo que desech\u00f3 la queja presentada por Jaquelina\nEscamilla Villanueva, por presuntos actos de violencia pol\u00edtica con raz\u00f3n de\ng\u00e9nero cometidos por el edil de Oaxaca de Ju\u00e1rez, Oswaldo Garc\u00eda Jarqu\u00edn.<\/p>\n\n\n\n<p>Por lo anterior, orden\u00f3 al IEEPCO\ncontinuar con la investigaci\u00f3n del caso mediante el Procedimiento Especial\nSancionador que deriva de la normatividad vigente en materia de violencia\npol\u00edtica en raz\u00f3n de g\u00e9nero, por lo debe de realizarse desde una perspectiva de\ng\u00e9nero y atendiendo la debida diligencia establecida en la Constituci\u00f3n\nPol\u00edtica federal y Tratados Internacionales<\/p>\n\n\n\n<p>\u201cA partir de la queja, se propone\ndeclarar fundados los agravios establecidos en el juicio ciudadano JDC\/60\/2020,\nen consecuencia se propone revocar la resoluci\u00f3n del 10 de junio del 2020\nemitida por la Comisi\u00f3n de Quejas del Instituto Electoral local por la que se\ndesech\u00f3 la denuncia presentada por la actora, orden\u00e1ndose que contin\u00fae con la\ninvestigaci\u00f3n mediante el procedimiento especial sancionador\u201d, refirieron en\nsesi\u00f3n de este jueves que se llev\u00f3 a cabo de manera virtual.<\/p>\n\n\n\n<p>La magistrada Elizabeth Bautista\nVelasco y magistrados Miguel \u00c1ngel Carballido D\u00edaz y Raymundo Wilfrido L\u00f3pez\nV\u00e1squez, aprobaron reencauzar la demanda del juicio ciudadano identificado con\nla clave JDC\/59\/2020 y que corresponde a la remoci\u00f3n del cargo como directora\ndel Instituto Municipal de la Mujer de Oaxaca de Ju\u00e1rez, por parte del\npresidente municipal de Oaxaca de Ju\u00e1rez.<\/p>\n\n\n\n<p>Para lo anterior el IEEPCO deber\u00e1 regir\nsu actuaci\u00f3n conforme a la reforma del 13 de abril pasado en materia de\nviolencia pol\u00edtica en raz\u00f3n de g\u00e9nero, ya que los hechos denunciados se dieron\nposterior a la misma, es decir la protecci\u00f3n m\u00ednima de garantizar la\nparticipaci\u00f3n pol\u00edtica de las mujeres se encontraba vigente antes de suceder\nlos hechos.<\/p>\n\n\n\n<p>El pleno del TEEO manifest\u00f3 no\ncompartir el resolutivo del \u00f3rgano electoral local, que argument\u00f3 que dicha\nreforma tuvo eficacia hasta la adecuaci\u00f3n legislativa local llevada a cabo el\n30 de mayo pasado, as\u00ed como los argumentos de terceros interesados que\nconsideran que la legislaci\u00f3n federal no tiene vigencia en el estado cuando es\ntodo lo contrario.<\/p>\n\n\n\n<p>\u201cSe considera incorrecta la resoluci\u00f3n\ndel \u00f3rgano electoral local al existir un marco normativo que lo obligaba a\nconocer la denuncia mediante el procedimiento especial sancionador\u201d, refirieron\nen sesi\u00f3n.<\/p>\n\n\n\n<p>Por lo anterior se propuso la\nacumulaci\u00f3n de los expedientes JDC\/59\/2020 y JDC\/60\/2020 al considerar que\nresulta indispensable que los medios de impugnaci\u00f3n se resuelvan en forma\nconjunta al ser un hecho novedoso y trascendental en el estado a partir de los\ncambios los cambios legislativos federales del 13 de abril del 2020 en materia\nde violencia pol\u00edtica en raz\u00f3n de g\u00e9nero, mismo que tendr\u00e1 que ser resuelto por\nel IEEPCO.<\/p>\n","protected":false},"excerpt":{"rendered":"<p>Evlin Arag\u00f3n\/Zona Roja. Oaxaca de Ju\u00e1rez, Oax., 25 de julio de 2020.- El pleno del&hellip;<\/p>\n","protected":false},"author":2,"featured_media":15456,"comment_status":"closed","ping_status":"open","sticky":false,"template":"","format":"standard","meta":{"_lmt_disableupdate":"","_lmt_disable":"","_jetpack_memberships_contains_paid_content":false,"footnotes":""},"categories":[109,47],"tags":[244],"class_list":["post-15455","post","type-post","status-publish","format-standard","has-post-thumbnail","hentry","category-minuto-a-minuto","category-zona-gris","tag-jaqueline-escamilla-villanueva"],"jetpack_featured_media_url":"https:\/\/zonaroja.com.mx\/wp-content\/uploads\/2020\/07\/Sesi\u00f3n-TEEO.jpg","jetpack_sharing_enabled":true,"_links":{"self":[{"href":"https:\/\/zonaroja.com.mx\/index.php?rest_route=\/wp\/v2\/posts\/15455","targetHints":{"allow":["GET"]}}],"collection":[{"href":"https:\/\/zonaroja.com.mx\/index.php?rest_route=\/wp\/v2\/posts"}],"about":[{"href":"https:\/\/zonaroja.com.mx\/index.php?rest_route=\/wp\/v2\/types\/post"}],"author":[{"embeddable":true,"href":"https:\/\/zonaroja.com.mx\/index.php?rest_route=\/wp\/v2\/users\/2"}],"replies":[{"embeddable":true,"href":"https:\/\/zonaroja.com.mx\/index.php?rest_route=%2Fwp%2Fv2%2Fcomments&post=15455"}],"version-history":[{"count":1,"href":"https:\/\/zonaroja.com.mx\/index.php?rest_route=\/wp\/v2\/posts\/15455\/revisions"}],"predecessor-version":[{"id":15457,"href":"https:\/\/zonaroja.com.mx\/index.php?rest_route=\/wp\/v2\/posts\/15455\/revisions\/15457"}],"wp:featuredmedia":[{"embeddable":true,"href":"https:\/\/zonaroja.com.mx\/index.php?rest_route=\/wp\/v2\/media\/15456"}],"wp:attachment":[{"href":"https:\/\/zonaroja.com.mx\/index.php?rest_route=%2Fwp%2Fv2%2Fmedia&parent=15455"}],"wp:term":[{"taxonomy":"category","embeddable":true,"href":"https:\/\/zonaroja.com.mx\/index.php?rest_route=%2Fwp%2Fv2%2Fcategories&post=15455"},{"taxonomy":"post_tag","embeddable":true,"href":"https:\/\/zonaroja.com.mx\/index.php?rest_route=%2Fwp%2Fv2%2Ftags&post=15455"}],"curies":[{"name":"wp","href":"https:\/\/api.w.org\/{rel}","templated":true}]}}