{"id":15458,"date":"2020-07-25T11:16:22","date_gmt":"2020-07-25T16:16:22","guid":{"rendered":"http:\/\/www.zonaroja.com.mx\/?p=15458"},"modified":"2020-07-25T11:16:25","modified_gmt":"2020-07-25T16:16:25","slug":"pobladores-de-san-miguel-del-progreso-bloquean-carretera-vs-edil-de-tlaxiaco","status":"publish","type":"post","link":"https:\/\/zonaroja.com.mx\/?p=15458","title":{"rendered":"Pobladores de San Miguel del Progreso bloquean carretera vs. edil de Tlaxiaco"},"content":{"rendered":"\n<p>Evlin Arag\u00f3n\/Zona Roja.<\/p>\n\n\n\n<p>Oaxaca de Ju\u00e1rez, Oax., 25 de julio de\n2020.- Habitantes de San Miguel del Progreso, perteneciente a la Heroica Ciudad\nde Tlaxiaco, bloquean esta ma\u00f1ana la carretera a la altura de \u201cEl Capul\u00edn\u201d para\ndenunciar la violencia que ejerce el edil Gaudencio Ortiz Cruz contra la\npoblaci\u00f3n al intimidarles y no entregarles los recursos presupuestales de la\nagencia.<\/p>\n\n\n\n<p>Desde la noche de este viernes se\napoderaron de las instalaciones del Palacio Municipal para denunciar que\nrecientemente el edil mando intimidar y provocar a la poblaci\u00f3n ante la\nnegativa que ha manifestado en constantes ocasiones por asignar el presupuesto\nque le corresponde a San Miguel del Progreso.<\/p>\n\n\n\n<p>\u201cNo quieren entregar los recursos\necon\u00f3micos porque seg\u00fan ellos no tenemos la capacidad de poder rendir cuentas\nclaras al municipio, pero les decimos que s\u00ed tenemos la capacidad de entregar\nlas cuentas con transparencia como siempre lo ha pedido el propio presidente de\nla Rep\u00fablica\u201d, refirieron.<\/p>\n\n\n\n<p>Explicaron que son dos millones de\npesos de presupuesto p\u00fablico el que no ha sido entregado a la localidad, el\ncual servir\u00eda para atenci\u00f3n de las necesidades b\u00e1sicas de toda la poblaci\u00f3n,\nsin embargo, ha sido retenido por la autoridad municipal que busca asignar a\nsus propios contratistas.<\/p>\n\n\n\n<p>\u201cNo queremos intermediarios en la\nasignaci\u00f3n de recursos p\u00fablicos. El edil argumenta que ellos pondr\u00e1n los\ncontratistas, en el cual ellos son los que har\u00e1n todo el presupuesto y lo que\nse determine es lo que se va a ejecutar, tambi\u00e9n hablan de algunas leyes que no\nquisimos tocar en mesa de negociaci\u00f3n, porque hace falta m\u00e1s voluntad pol\u00edtica\npor pare de las autoridades\u201d, manifestaron.<\/p>\n\n\n\n<p>Denunciaron que se han manifestado de\nforma pac\u00edfica y han sido intimidados por el edil, por lo que responsabilizaron\na Gaudencio Ortiz de cualquier agresi\u00f3n que puedan sufrir en la pr\u00f3ximas horas\no d\u00edas ante sus movilizaciones.<\/p>\n\n\n\n<p>Finalmente advirtieron que mantendr\u00e1n\nsus protestas hasta que el edil cambie de actitud hacia la poblaci\u00f3n, deje de\nejercer violencia en su contra y asigne el presupuesto que por ley les\ncorresponde, todo ello en beneficio de quienes menos tienen.<\/p>\n","protected":false},"excerpt":{"rendered":"<p>Evlin Arag\u00f3n\/Zona Roja. Oaxaca de Ju\u00e1rez, Oax., 25 de julio de 2020.- Habitantes de San&hellip;<\/p>\n","protected":false},"author":2,"featured_media":15459,"comment_status":"closed","ping_status":"open","sticky":false,"template":"","format":"standard","meta":{"_lmt_disableupdate":"","_lmt_disable":"","_jetpack_memberships_contains_paid_content":false,"footnotes":""},"categories":[109,47],"tags":[643],"class_list":["post-15458","post","type-post","status-publish","format-standard","has-post-thumbnail","hentry","category-minuto-a-minuto","category-zona-gris","tag-heroica-ciudad-de-tlaxiaco"],"jetpack_featured_media_url":"https:\/\/zonaroja.com.mx\/wp-content\/uploads\/2020\/07\/BLoqueo-Tlaxiaco.jpg","jetpack_sharing_enabled":true,"_links":{"self":[{"href":"https:\/\/zonaroja.com.mx\/index.php?rest_route=\/wp\/v2\/posts\/15458","targetHints":{"allow":["GET"]}}],"collection":[{"href":"https:\/\/zonaroja.com.mx\/index.php?rest_route=\/wp\/v2\/posts"}],"about":[{"href":"https:\/\/zonaroja.com.mx\/index.php?rest_route=\/wp\/v2\/types\/post"}],"author":[{"embeddable":true,"href":"https:\/\/zonaroja.com.mx\/index.php?rest_route=\/wp\/v2\/users\/2"}],"replies":[{"embeddable":true,"href":"https:\/\/zonaroja.com.mx\/index.php?rest_route=%2Fwp%2Fv2%2Fcomments&post=15458"}],"version-history":[{"count":1,"href":"https:\/\/zonaroja.com.mx\/index.php?rest_route=\/wp\/v2\/posts\/15458\/revisions"}],"predecessor-version":[{"id":15460,"href":"https:\/\/zonaroja.com.mx\/index.php?rest_route=\/wp\/v2\/posts\/15458\/revisions\/15460"}],"wp:featuredmedia":[{"embeddable":true,"href":"https:\/\/zonaroja.com.mx\/index.php?rest_route=\/wp\/v2\/media\/15459"}],"wp:attachment":[{"href":"https:\/\/zonaroja.com.mx\/index.php?rest_route=%2Fwp%2Fv2%2Fmedia&parent=15458"}],"wp:term":[{"taxonomy":"category","embeddable":true,"href":"https:\/\/zonaroja.com.mx\/index.php?rest_route=%2Fwp%2Fv2%2Fcategories&post=15458"},{"taxonomy":"post_tag","embeddable":true,"href":"https:\/\/zonaroja.com.mx\/index.php?rest_route=%2Fwp%2Fv2%2Ftags&post=15458"}],"curies":[{"name":"wp","href":"https:\/\/api.w.org\/{rel}","templated":true}]}}