{"id":15461,"date":"2020-07-25T11:38:10","date_gmt":"2020-07-25T16:38:10","guid":{"rendered":"http:\/\/www.zonaroja.com.mx\/?p=15461"},"modified":"2020-07-25T11:38:14","modified_gmt":"2020-07-25T16:38:14","slug":"apuestan-artesanos-por-las-redes-sociales-haran-manana-muestra-virtual","status":"publish","type":"post","link":"https:\/\/zonaroja.com.mx\/?p=15461","title":{"rendered":"Apuestan artesanos por las redes sociales; har\u00e1n ma\u00f1ana muestra virtual"},"content":{"rendered":"\n<p>Redacci\u00f3n\/Zona Roja.<\/p>\n\n\n\n<p>Oaxaca de Ju\u00e1rez, Oax., 25 de julio de\n2020.- Este domingo, creadores populares de la ruta m\u00e1gica de las artesan\u00edas,\nmediante el uso de las tecnolog\u00edas y las redes sociales, mostrar\u00e1n parte de sus\npiezas como el barro negro, barro verde, prendas hechas con telar de cintura,\ntapetes de lana, entre otras obras de arte hechas en sus comunidades,\ndirectamente hasta los dispositivos m\u00f3viles de pr\u00e1cticamente cualquier parte\ndel mundo.<\/p>\n\n\n\n<p>Ante la pandemia del Covid que ha\nmantenido en ventas nulas a mujeres y hombres que han vivido de sus artesan\u00edas,\nla muestra virtual propuesta por el diputado de Morena Horacio Sosa, representa\nuna oportunidad para que, a trav\u00e9s de las redes sociales, se conozca la\nmulticulturalidad de localidades como San Bartolo Coyotepec, Santo Tom\u00e1s\nJalieza, San Mart\u00edn Tilcajete, Santa Mar\u00eda Atzompa, entre otros municipios que\ncomprenden un total de 10 demarcaciones.<\/p>\n\n\n\n<p>Adem\u00e1s de orfebrer\u00eda y bisuter\u00eda tradicional,\ntambi\u00e9n habr\u00e1 una muestra gastron\u00f3mica, donde el municipio de Zaachila traer\u00e1\nsu rica barbacoa, mientras que Santa Catarina Minas, dar\u00e1 muestra del proceso\nartesanal de la elaboraci\u00f3n del mezcal y San Bartolo Coyotepec har\u00e1 lo propio\ncon la presentaci\u00f3n de la Danza de la pluma.<\/p>\n\n\n\n<p>Ser\u00e1 el domingo a las 10 de la ma\u00f1ana,\nla transmisi\u00f3n del programa denominado \u201cOaxaca, esperanza, magia y cultura\u201d a\ntrav\u00e9s de las cuentas de redes sociales del diputado Horacio Sosa, donde\nseremos testigos de la amplia gama cultural que posee nuestro estado.<\/p>\n","protected":false},"excerpt":{"rendered":"<p>Redacci\u00f3n\/Zona Roja. Oaxaca de Ju\u00e1rez, Oax., 25 de julio de 2020.- Este domingo, creadores populares&hellip;<\/p>\n","protected":false},"author":2,"featured_media":15462,"comment_status":"closed","ping_status":"open","sticky":false,"template":"","format":"standard","meta":{"_lmt_disableupdate":"","_lmt_disable":"","_jetpack_memberships_contains_paid_content":false,"footnotes":""},"categories":[109,46],"tags":[444],"class_list":["post-15461","post","type-post","status-publish","format-standard","has-post-thumbnail","hentry","category-minuto-a-minuto","category-zona-blanca","tag-horacio-sosa-villavicencio"],"jetpack_featured_media_url":"https:\/\/zonaroja.com.mx\/wp-content\/uploads\/2020\/07\/Apuestan-artesanos-por-las-redes-sociales-hara\u0301n-muestra-virtual.jpeg","jetpack_sharing_enabled":true,"_links":{"self":[{"href":"https:\/\/zonaroja.com.mx\/index.php?rest_route=\/wp\/v2\/posts\/15461","targetHints":{"allow":["GET"]}}],"collection":[{"href":"https:\/\/zonaroja.com.mx\/index.php?rest_route=\/wp\/v2\/posts"}],"about":[{"href":"https:\/\/zonaroja.com.mx\/index.php?rest_route=\/wp\/v2\/types\/post"}],"author":[{"embeddable":true,"href":"https:\/\/zonaroja.com.mx\/index.php?rest_route=\/wp\/v2\/users\/2"}],"replies":[{"embeddable":true,"href":"https:\/\/zonaroja.com.mx\/index.php?rest_route=%2Fwp%2Fv2%2Fcomments&post=15461"}],"version-history":[{"count":1,"href":"https:\/\/zonaroja.com.mx\/index.php?rest_route=\/wp\/v2\/posts\/15461\/revisions"}],"predecessor-version":[{"id":15463,"href":"https:\/\/zonaroja.com.mx\/index.php?rest_route=\/wp\/v2\/posts\/15461\/revisions\/15463"}],"wp:featuredmedia":[{"embeddable":true,"href":"https:\/\/zonaroja.com.mx\/index.php?rest_route=\/wp\/v2\/media\/15462"}],"wp:attachment":[{"href":"https:\/\/zonaroja.com.mx\/index.php?rest_route=%2Fwp%2Fv2%2Fmedia&parent=15461"}],"wp:term":[{"taxonomy":"category","embeddable":true,"href":"https:\/\/zonaroja.com.mx\/index.php?rest_route=%2Fwp%2Fv2%2Fcategories&post=15461"},{"taxonomy":"post_tag","embeddable":true,"href":"https:\/\/zonaroja.com.mx\/index.php?rest_route=%2Fwp%2Fv2%2Ftags&post=15461"}],"curies":[{"name":"wp","href":"https:\/\/api.w.org\/{rel}","templated":true}]}}