{"id":15465,"date":"2020-07-25T14:22:12","date_gmt":"2020-07-25T19:22:12","guid":{"rendered":"https:\/\/www.zonaroja.com.mx\/?p=15465"},"modified":"2020-07-25T14:22:26","modified_gmt":"2020-07-25T19:22:26","slug":"otra-vez-en-vista-de-amlo-al-istmo-indigenas-ikoots-exigen-justicia-por-masacre-en-huazantlan","status":"publish","type":"post","link":"https:\/\/zonaroja.com.mx\/?p=15465","title":{"rendered":"Otra vez: en vista de AMLO al Istmo, ind\u00edgenas ikoots exigen justicia por masacre en Huazantl\u00e1n"},"content":{"rendered":"\n<p class=\"MsoNormal\">Yuridiana Sosa\/Zona Roja.&nbsp;<\/p>\n\n\n\n<p class=\"MsoNormal\">Oaxaca de Ju\u00e1rez, Oax., 25 de julio de 2020.- Familiares de las v\u00edctimas masacradas y habitantes de Huazantl\u00e1n del R\u00edo, del municipio de San Mateo del Mar, se manifestaron en Salina Cruz para exigirle al Presidente Andr\u00e9s Manuel L\u00f3pez Obrador justicia y denunciar las omisiones del gobierno de Oaxaca por los hechos violentos.<\/p>\n\n\n\n<p class=\"MsoNormal\">Ante la visita del mandatario nacional a las instalaciones de la refiner\u00eda \u201cIng. Antonio Doval\u00ed Jaime\u201d, durante su gira de trabajo por Oaxaca, los afectados por la masacre el pasado 22 de junio, en la que se se\u00f1ala la presunta participaci\u00f3n de la autoridad municipal, efectuaron una protesta en inmediaciones de las instalaciones.<\/p>\n\n\n\n<p class=\"MsoNormal\">Las familias expusieron que, por parte del Gobierno del Estado, en particular de la Fiscal\u00eda General de Oaxaca, no existe la debida atenci\u00f3n para el caso en distintos aspectos, pero principalmente omisi\u00f3n en la justicia a m\u00e1s de un mes del multihomicidio donde 15 personas fueron lapidadas, quemadas y asesinadas.<\/p>\n\n\n\n<p class=\"MsoNormal\">La manifestaci\u00f3n de este s\u00e1bado es la segunda que llevan a cabo los habitantes de ind\u00edgenas ikoots durante la visita del Presidente de la Rep\u00fablica.&nbsp;<\/p>\n\n\n\n<p class=\"MsoNormal\"><a href=\"\/\/4\">Este viernes<\/a>&nbsp;otro grupo de afectados realiz\u00f3 una protesta en inmediaciones de la Zona Militar, en Santa Mar\u00eda Ixcotel de Santa Luc\u00eda del Camino, donde se encontraba el mandatario.<\/p>\n\n\n\n<p class=\"MsoNormal\">A este proteste se le uni\u00f3 la de habitantes de San Juan Bautista Guelache; la v\u00edspera fue de comerciantes y artesanos del mercado \u201cMargarita Maza\u201d de la Central de Abasto, afectados por el incendio en mayo y que a la fecha no reciben apoyos para continuar con sus actividades.<\/p>\n\n\n\n<p class=\"MsoNormal\">Trabajadores del sector tur\u00edstico tambi\u00e9n se manifestaron el jueves pasado durante la llegada del L\u00f3pez Obrador, pidieron apoyos a m\u00e1s de 120 d\u00edas sin trabajo y denunciaron que por parte del gobierno de Oaxaca s\u00f3lo hay indiferencia por la crisis de los ciudadanos afectados por la pandemia de Covid-19.<\/p>\n","protected":false},"excerpt":{"rendered":"<p>Yuridiana Sosa\/Zona Roja.&nbsp; Oaxaca de Ju\u00e1rez, Oax., 25 de julio de 2020.- Familiares de las&hellip;<\/p>\n","protected":false},"author":2,"featured_media":15464,"comment_status":"closed","ping_status":"open","sticky":false,"template":"","format":"standard","meta":{"_lmt_disableupdate":"","_lmt_disable":"","_jetpack_memberships_contains_paid_content":false,"footnotes":""},"categories":[109,47],"tags":[1656],"class_list":["post-15465","post","type-post","status-publish","format-standard","has-post-thumbnail","hentry","category-minuto-a-minuto","category-zona-gris","tag-huazantlan-del-rio"],"jetpack_featured_media_url":"https:\/\/zonaroja.com.mx\/wp-content\/uploads\/2020\/07\/277e8797-d1de-48d1-8d40-b65c004abdc8.jpg","jetpack_sharing_enabled":true,"_links":{"self":[{"href":"https:\/\/zonaroja.com.mx\/index.php?rest_route=\/wp\/v2\/posts\/15465","targetHints":{"allow":["GET"]}}],"collection":[{"href":"https:\/\/zonaroja.com.mx\/index.php?rest_route=\/wp\/v2\/posts"}],"about":[{"href":"https:\/\/zonaroja.com.mx\/index.php?rest_route=\/wp\/v2\/types\/post"}],"author":[{"embeddable":true,"href":"https:\/\/zonaroja.com.mx\/index.php?rest_route=\/wp\/v2\/users\/2"}],"replies":[{"embeddable":true,"href":"https:\/\/zonaroja.com.mx\/index.php?rest_route=%2Fwp%2Fv2%2Fcomments&post=15465"}],"version-history":[{"count":1,"href":"https:\/\/zonaroja.com.mx\/index.php?rest_route=\/wp\/v2\/posts\/15465\/revisions"}],"predecessor-version":[{"id":15466,"href":"https:\/\/zonaroja.com.mx\/index.php?rest_route=\/wp\/v2\/posts\/15465\/revisions\/15466"}],"wp:featuredmedia":[{"embeddable":true,"href":"https:\/\/zonaroja.com.mx\/index.php?rest_route=\/wp\/v2\/media\/15464"}],"wp:attachment":[{"href":"https:\/\/zonaroja.com.mx\/index.php?rest_route=%2Fwp%2Fv2%2Fmedia&parent=15465"}],"wp:term":[{"taxonomy":"category","embeddable":true,"href":"https:\/\/zonaroja.com.mx\/index.php?rest_route=%2Fwp%2Fv2%2Fcategories&post=15465"},{"taxonomy":"post_tag","embeddable":true,"href":"https:\/\/zonaroja.com.mx\/index.php?rest_route=%2Fwp%2Fv2%2Ftags&post=15465"}],"curies":[{"name":"wp","href":"https:\/\/api.w.org\/{rel}","templated":true}]}}