{"id":15467,"date":"2020-07-25T17:33:06","date_gmt":"2020-07-25T22:33:06","guid":{"rendered":"http:\/\/www.zonaroja.com.mx\/?p=15467"},"modified":"2020-07-25T17:33:10","modified_gmt":"2020-07-25T22:33:10","slug":"invitan-a-formar-parte-de-la-escuela-feminista-en-oaxaca-este-ano-sera-virtual","status":"publish","type":"post","link":"https:\/\/zonaroja.com.mx\/?p=15467","title":{"rendered":"Invitan a formar parte de la Escuela Feminista en Oaxaca; este a\u00f1o ser\u00e1 virtual"},"content":{"rendered":"\n<p>Evlin Arag\u00f3n\/<\/p>\n\n\n\n<p>Oaxaca de Ju\u00e1rez, Oax., 25 de julio de\n2020.- Debido a la contingencia sanitaria, a causa de la pandemia por Covid-19,\nla d\u00e9cima y onceava generaci\u00f3n de la Escuela para la Libertad de las Mujeres se\nllevar\u00e1 a cabo de forma virtual durante este 2020, por lo que las organizadoras\ninvitan a participar a las interesadas que se encuentran en las diversas\nlatitudes del estado y el pa\u00eds.<\/p>\n\n\n\n<p>La instituci\u00f3n forma parte de un\nproyecto feminista que desde hace a\u00f1os busca aportar herramientas que permiten\na las mujeres participantes adquirir conocimientos y aptitudes en pro de la\ndefensa de sus derechos humanos irrenunciables. <\/p>\n\n\n\n<p>Las integrantes del proyecto consideran\nque la violencia se combate por medio de la construcci\u00f3n de autonom\u00eda de las\nmujeres como una prioridad; por lo que pretende ser una respuesta de facto para\nel fortalecimiento y la autonom\u00eda de las mujeres ante el alarmante aumento de feminicidios,\ndesapariciones, cr\u00edmenes de odio, acoso y trata de mujeres.<\/p>\n\n\n\n<p>En varias ocasiones y debido a la\ncontingencia se ha pospuesto el inicio de sus dos generaciones presenciales,\nprevistas para este a\u00f1o, sin embargo, las condiciones de salud en el pa\u00eds\nimpiden actividades masivas, por lo que han determinado que estas dos\ngeneraciones se lleven a cabo d forma virtual.<\/p>\n\n\n\n<p>\u201cEstamos conscientes de que este nuevo\nformato ser\u00e1 diferente al que a lo largo de nueve generaciones ha generado\ndiversas experiencias y sentires en las mujeres que han transitado por la ELM,\npero de la mano con docentes y facilitadoras hemos trabajado para que la\nescuela virtual sea lo m\u00e1s apegado a sus contenidos originales\u201d, refieren en su\ncomunicado.<\/p>\n\n\n\n<p>El proceso formativo tiene una duraci\u00f3n\nde cuatro meses y ser\u00e1 de septiembre a diciembre de este a\u00f1o cuando se lleve a\ncabo, con lo m\u00f3dulos de formaci\u00f3n te\u00f3rico feminista, autoconciencia,\nautodefensa feminista, arte de la desobediencia y su taller t\u00e9cnico sobre\nactividades \u201ctradicionalmente masculinas\u201d.<\/p>\n\n\n\n<p>Previo a ello se llevar\u00e1n a cabo las\nentrevistas de preselecci\u00f3n, del 27 de julio al 14 de agosto, cuyas citas se\npuede agendar a trav\u00e9s del tel\u00e9fono 951 2923567 o al correo electr\u00f3nico:\nescuela.libertad.mujeres@gmail.com<\/p>\n\n\n\n<p>El proyecto cuenta con el apoyo de la\nDefensor\u00eda de los Derechos Humanos de Pueblo de Oaxaca y en el Pa\u00eds Vasco, con\nla Diputaci\u00f3n Foral de Guip\u00fazcoa, Solidaridad Internacional y la Asamblea de\nMujeres de Bizcaia. <\/p>\n","protected":false},"excerpt":{"rendered":"<p>Evlin Arag\u00f3n\/ Oaxaca de Ju\u00e1rez, Oax., 25 de julio de 2020.- Debido a la contingencia&hellip;<\/p>\n","protected":false},"author":2,"featured_media":15468,"comment_status":"closed","ping_status":"open","sticky":false,"template":"","format":"standard","meta":{"_lmt_disableupdate":"","_lmt_disable":"","_jetpack_memberships_contains_paid_content":false,"footnotes":""},"categories":[109,46],"tags":[330],"class_list":["post-15467","post","type-post","status-publish","format-standard","has-post-thumbnail","hentry","category-minuto-a-minuto","category-zona-blanca","tag-escuela-para-la-libertad-de-las-mujeres"],"jetpack_featured_media_url":"https:\/\/zonaroja.com.mx\/wp-content\/uploads\/2020\/07\/Escuela-para-la-Libertad-de-las-Mujeres.png","jetpack_sharing_enabled":true,"_links":{"self":[{"href":"https:\/\/zonaroja.com.mx\/index.php?rest_route=\/wp\/v2\/posts\/15467","targetHints":{"allow":["GET"]}}],"collection":[{"href":"https:\/\/zonaroja.com.mx\/index.php?rest_route=\/wp\/v2\/posts"}],"about":[{"href":"https:\/\/zonaroja.com.mx\/index.php?rest_route=\/wp\/v2\/types\/post"}],"author":[{"embeddable":true,"href":"https:\/\/zonaroja.com.mx\/index.php?rest_route=\/wp\/v2\/users\/2"}],"replies":[{"embeddable":true,"href":"https:\/\/zonaroja.com.mx\/index.php?rest_route=%2Fwp%2Fv2%2Fcomments&post=15467"}],"version-history":[{"count":1,"href":"https:\/\/zonaroja.com.mx\/index.php?rest_route=\/wp\/v2\/posts\/15467\/revisions"}],"predecessor-version":[{"id":15469,"href":"https:\/\/zonaroja.com.mx\/index.php?rest_route=\/wp\/v2\/posts\/15467\/revisions\/15469"}],"wp:featuredmedia":[{"embeddable":true,"href":"https:\/\/zonaroja.com.mx\/index.php?rest_route=\/wp\/v2\/media\/15468"}],"wp:attachment":[{"href":"https:\/\/zonaroja.com.mx\/index.php?rest_route=%2Fwp%2Fv2%2Fmedia&parent=15467"}],"wp:term":[{"taxonomy":"category","embeddable":true,"href":"https:\/\/zonaroja.com.mx\/index.php?rest_route=%2Fwp%2Fv2%2Fcategories&post=15467"},{"taxonomy":"post_tag","embeddable":true,"href":"https:\/\/zonaroja.com.mx\/index.php?rest_route=%2Fwp%2Fv2%2Ftags&post=15467"}],"curies":[{"name":"wp","href":"https:\/\/api.w.org\/{rel}","templated":true}]}}